{"id":241557,"date":"2023-07-26T12:07:05","date_gmt":"2023-07-26T17:07:05","guid":{"rendered":"https:\/\/ugel04.gob.pe\/l_siagie\/inicio\/?p=241557"},"modified":"2023-09-13T12:49:43","modified_gmt":"2023-09-13T17:49:43","slug":"ministerio-de-educacion-inicia-campana-para-difundir-proceso-de-matricula-escolar-del-2020","status":"publish","type":"post","link":"https:\/\/ugel04.gob.pe\/l_siagie\/inicio\/2023\/07\/26\/ministerio-de-educacion-inicia-campana-para-difundir-proceso-de-matricula-escolar-del-2020\/","title":{"rendered":"Ministerio de Educaci\u00f3n inicia campa\u00f1a para difundir proceso de matr\u00edcula escolar del 2020"},"content":{"rendered":"<p>[et_pb_section fb_built=\u00bb1&#8243; _builder_version=\u00bb4.21.0&#8243; _module_preset=\u00bbdefault\u00bb global_colors_info=\u00bb{}\u00bb][et_pb_row _builder_version=\u00bb4.21.0&#8243; _module_preset=\u00bbdefault\u00bb global_colors_info=\u00bb{}\u00bb][et_pb_column type=\u00bb4_4&#8243; _builder_version=\u00bb4.21.0&#8243; _module_preset=\u00bbdefault\u00bb global_colors_info=\u00bb{}\u00bb][et_pb_text _builder_version=\u00bb4.21.0&#8243; _module_preset=\u00bbdefault\u00bb custom_padding=\u00bb||0px|||\u00bb global_colors_info=\u00bb{}\u00bb]<\/p>\n<div class=\"article__subtitle\">\n<p style=\"text-align: justify;\">El <strong><a href=\"https:\/\/rpp.pe\/politica\/gobierno\/minedu-alista-becas-para-estudiantes-de-universidades-a-las-que-sunedu-le-denego-el-licenciamiento-noticia-1224914?ref=rpp\" data-bind=\"true\">Ministerio de Educaci\u00f3n<\/a>\u00a0i<\/strong>ndic\u00f3 que las escuelas p\u00fablicas deben iniciar la difusi\u00f3n de la matr\u00edcula antes del 16 de enero de 2020.<\/p>\n<\/div>\n<div class=\"body\">\n<p style=\"text-align: justify;\">El <strong><a href=\"https:\/\/rpp.pe\/politica\/gobierno\/minedu-alista-becas-para-estudiantes-de-universidades-a-las-que-sunedu-le-denego-el-licenciamiento-noticia-1224914?ns_source=self&amp;ns_mchannel=articulo.body&amp;ns_campaign=content.rel\" data-bind=\"true\">Ministerio de Educaci\u00f3n (Minedu)<\/a><\/strong>\u00a0inici\u00f3 la <strong>campa\u00f1a \u201cMatr\u00edcula 2020\u201d<\/strong> con el objetivo de que las familias conozcan los temas m\u00e1s importantes de este proceso y participen en el Buen Inicio del A\u00f1o Escolar.<\/p>\n<p style=\"text-align: justify;\">Ahora los padres de familia pueden solicitar informaci\u00f3n sobre el <strong>proceso de matr\u00edcula<\/strong> en la escuela de su inter\u00e9s durante todo el a\u00f1o escolar. Sin embargo, las <strong>escuelas p\u00fablicas<\/strong> deben iniciar la difusi\u00f3n del proceso de matr\u00edcula como m\u00e1ximo el 16 de enero de 2020.<\/p>\n<p style=\"text-align: justify;\">En el caso de las<strong> escuelas privadas<\/strong>, si bien cuentan con autonom\u00eda para establecer sus propias fechas, el <strong>Minedu<\/strong> recomienda iniciar dicha difusi\u00f3n dos meses antes del inicio del a\u00f1o escolar.<\/p>\n<p style=\"text-align: justify;\"><span style=\"font-size: 14px; text-align: left;\">Asimismo, el proceso de matr\u00edcula en las escuelas debe iniciarse en un plazo no menor de 30 d\u00edas calendario previos al inicio del a\u00f1o escolar 2020; es decir, como m\u00e1ximo el 15 de febrero. Sin embargo, las escuelas privadas cuentan con autonom\u00eda para determinar la fecha en la que iniciar\u00e1n dicho proceso<\/span><\/p>\n<\/div>\n<p>[\/et_pb_text][\/et_pb_column][\/et_pb_row][\/et_pb_section]<\/p>\n","protected":false},"excerpt":{"rendered":"<p>El Ministerio de Educaci\u00f3n\u00a0indic\u00f3 que las escuelas p\u00fablicas deben iniciar la difusi\u00f3n de la matr\u00edcula antes del 16 de enero de 2020. El Ministerio de Educaci\u00f3n (Minedu)\u00a0inici\u00f3 la campa\u00f1a \u201cMatr\u00edcula 2020\u201d con el objetivo de que las familias conozcan los temas m\u00e1s importantes de este proceso y participen en el Buen Inicio del A\u00f1o Escolar. [&hellip;]<\/p>\n","protected":false},"author":1,"featured_media":241563,"comment_status":"closed","ping_status":"closed","sticky":false,"template":"","format":"standard","meta":{"_et_pb_use_builder":"on","_et_pb_old_content":"","_et_gb_content_width":"1080","footnotes":""},"categories":[2],"tags":[],"class_list":["post-241557","post","type-post","status-publish","format-standard","has-post-thumbnail","hentry","category-noticias"],"_links":{"self":[{"href":"https:\/\/ugel04.gob.pe\/l_siagie\/inicio\/wp-json\/wp\/v2\/posts\/241557","targetHints":{"allow":["GET"]}}],"collection":[{"href":"https:\/\/ugel04.gob.pe\/l_siagie\/inicio\/wp-json\/wp\/v2\/posts"}],"about":[{"href":"https:\/\/ugel04.gob.pe\/l_siagie\/inicio\/wp-json\/wp\/v2\/types\/post"}],"author":[{"embeddable":true,"href":"https:\/\/ugel04.gob.pe\/l_siagie\/inicio\/wp-json\/wp\/v2\/users\/1"}],"replies":[{"embeddable":true,"href":"https:\/\/ugel04.gob.pe\/l_siagie\/inicio\/wp-json\/wp\/v2\/comments?post=241557"}],"version-history":[{"count":5,"href":"https:\/\/ugel04.gob.pe\/l_siagie\/inicio\/wp-json\/wp\/v2\/posts\/241557\/revisions"}],"predecessor-version":[{"id":241701,"href":"https:\/\/ugel04.gob.pe\/l_siagie\/inicio\/wp-json\/wp\/v2\/posts\/241557\/revisions\/241701"}],"wp:featuredmedia":[{"embeddable":true,"href":"https:\/\/ugel04.gob.pe\/l_siagie\/inicio\/wp-json\/wp\/v2\/media\/241563"}],"wp:attachment":[{"href":"https:\/\/ugel04.gob.pe\/l_siagie\/inicio\/wp-json\/wp\/v2\/media?parent=241557"}],"wp:term":[{"taxonomy":"category","embeddable":true,"href":"https:\/\/ugel04.gob.pe\/l_siagie\/inicio\/wp-json\/wp\/v2\/categories?post=241557"},{"taxonomy":"post_tag","embeddable":true,"href":"https:\/\/ugel04.gob.pe\/l_siagie\/inicio\/wp-json\/wp\/v2\/tags?post=241557"}],"curies":[{"name":"wp","href":"https:\/\/api.w.org\/{rel}","templated":true}]}}