{"id":241550,"date":"2023-07-26T11:59:11","date_gmt":"2023-07-26T16:59:11","guid":{"rendered":"https:\/\/ugel04.gob.pe\/l_siagie\/inicio\/?p=241550"},"modified":"2023-07-26T12:04:55","modified_gmt":"2023-07-26T17:04:55","slug":"minedu-coordina-con-reniec-entrega-de-dni-a-mas-de-123-mil-escolares","status":"publish","type":"post","link":"https:\/\/ugel04.gob.pe\/l_siagie\/inicio\/2023\/07\/26\/minedu-coordina-con-reniec-entrega-de-dni-a-mas-de-123-mil-escolares\/","title":{"rendered":"Minedu coordina con Reniec entrega de DNI a m\u00e1s de 123 mil escolares"},"content":{"rendered":"\n[et_pb_section fb_built=\u00bb1&#8243; theme_builder_area=\u00bbpost_content\u00bb _builder_version=\u00bb4.21.0&#8243; _module_preset=\u00bbdefault\u00bb][et_pb_row _builder_version=\u00bb4.21.0&#8243; _module_preset=\u00bbdefault\u00bb theme_builder_area=\u00bbpost_content\u00bb][et_pb_column _builder_version=\u00bb4.21.0&#8243; _module_preset=\u00bbdefault\u00bb type=\u00bb4_4&#8243; theme_builder_area=\u00bbpost_content\u00bb][et_pb_text _builder_version=\u00bb4.21.0&#8243; _module_preset=\u00bbdefault\u00bb theme_builder_area=\u00bbpost_content\u00bb hover_enabled=\u00bb0&#8243; sticky_enabled=\u00bb0&#8243;]<p>El Ministerio de Educaci\u00f3n (Minedu) anunci\u00f3 que coordinar\u00e1 con el <strong>Registro Nacional de Identificaci\u00f3n y Estado Civil (Reniec) la entrega del DNI a los 123,903 ni\u00f1os y adolescentes<\/strong> de la educaci\u00f3n b\u00e1sica que a\u00fan no cuentan con dicho documento.<\/p>[\/et_pb_text][\/et_pb_column][\/et_pb_row][et_pb_row _builder_version=\u00bb4.21.0&#8243; _module_preset=\u00bbdefault\u00bb column_structure=\u00bb1_2,1_2&#8243; theme_builder_area=\u00bbpost_content\u00bb][et_pb_column _builder_version=\u00bb4.21.0&#8243; _module_preset=\u00bbdefault\u00bb type=\u00bb1_2&#8243; theme_builder_area=\u00bbpost_content\u00bb][et_pb_text _builder_version=\u00bb4.21.0&#8243; _module_preset=\u00bbdefault\u00bb theme_builder_area=\u00bbpost_content\u00bb hover_enabled=\u00bb0&#8243; sticky_enabled=\u00bb0&#8243;]<p itemprop=\"description\" class=\"story-content__font--secondary mb-25 title-xs line-h-md mt-20 secondary-font pr-20\" style=\"text-align: justify;\"><em>\u201cTenemos las listas y sabemos d\u00f3nde est\u00e1n los menores sin DNI, as\u00ed que coordinaremos con el Reniec para que ellos tengan el documento que les permitir\u00e1 una matr\u00edcula oportuna e, incluso, el acceso a diferentes servicios del Estado de manera m\u00e1s r\u00e1pida\u201d<\/em>, expres\u00f3 la ministra de Educaci\u00f3n, Flor Pablo.<\/p>\n<p itemprop=\"description\" class=\"story-content__font--secondary mb-25 title-xs line-h-md mt-20 secondary-font pr-20\" style=\"text-align: justify;\">Si bien aclar\u00f3 que la falta de DNI no impide la matr\u00edcula escolar, la integrante del gabinete ministerial remarc\u00f3 que se necesita sincerar y tener la identidad de los menores de edad que est\u00e1n registrados en el sistema con una declaraci\u00f3n jurada o una partida de nacimiento.<\/p>[\/et_pb_text][\/et_pb_column][et_pb_column _builder_version=\u00bb4.21.0&#8243; _module_preset=\u00bbdefault\u00bb type=\u00bb1_2&#8243; theme_builder_area=\u00bbpost_content\u00bb][et_pb_text _builder_version=\u00bb4.21.0&#8243; _module_preset=\u00bbdefault\u00bb theme_builder_area=\u00bbpost_content\u00bb hover_enabled=\u00bb0&#8243; sticky_enabled=\u00bb0&#8243;]<p itemprop=\"description\" class=\"story-content__font--secondary mb-25 title-xs line-h-md mt-20 secondary-font pr-20\"><em>\u201cVamos a trabajar en este \u00faltimo trimestre del a\u00f1o para cumplir con este objetivo e iniciar el pr\u00f3ximo a\u00f1o escolar en las condiciones que el Minedu se ha planteado\u201d<\/em>, indic\u00f3 Flor Pablo.<\/p>\n<p itemprop=\"description\" class=\"story-content__font--secondary mb-25 title-xs line-h-md mt-20 secondary-font pr-20\">La entrega de los DNI es uno de los retos que afrontar\u00e1 el grupo de trabajo multisectorial liderado por el Minedu que se encargar\u00e1 de monitorear y asegurar las condiciones b\u00e1sicas para un buen inicio del A\u00f1o Escolar 2020.<\/p>[\/et_pb_text][\/et_pb_column][\/et_pb_row][\/et_pb_section]\n","protected":false},"excerpt":{"rendered":"<p>El Ministerio de Educaci\u00f3n (Minedu) anunci\u00f3 que coordinar\u00e1 con el Registro Nacional de Identificaci\u00f3n y Estado Civil (Reniec) la entrega del DNI a los 123,903 ni\u00f1os y adolescentes de la educaci\u00f3n b\u00e1sica que a\u00fan no cuentan con dicho documento.\u201cTenemos las listas y sabemos d\u00f3nde est\u00e1n los menores sin DNI, as\u00ed que coordinaremos con el Reniec [&hellip;]<\/p>\n","protected":false},"author":1,"featured_media":241554,"comment_status":"closed","ping_status":"closed","sticky":false,"template":"","format":"standard","meta":{"_et_pb_use_builder":"on","_et_pb_old_content":"","_et_gb_content_width":"1080","footnotes":""},"categories":[2],"tags":[],"class_list":["post-241550","post","type-post","status-publish","format-standard","has-post-thumbnail","hentry","category-noticias"],"_links":{"self":[{"href":"https:\/\/ugel04.gob.pe\/l_siagie\/inicio\/wp-json\/wp\/v2\/posts\/241550","targetHints":{"allow":["GET"]}}],"collection":[{"href":"https:\/\/ugel04.gob.pe\/l_siagie\/inicio\/wp-json\/wp\/v2\/posts"}],"about":[{"href":"https:\/\/ugel04.gob.pe\/l_siagie\/inicio\/wp-json\/wp\/v2\/types\/post"}],"author":[{"embeddable":true,"href":"https:\/\/ugel04.gob.pe\/l_siagie\/inicio\/wp-json\/wp\/v2\/users\/1"}],"replies":[{"embeddable":true,"href":"https:\/\/ugel04.gob.pe\/l_siagie\/inicio\/wp-json\/wp\/v2\/comments?post=241550"}],"version-history":[{"count":3,"href":"https:\/\/ugel04.gob.pe\/l_siagie\/inicio\/wp-json\/wp\/v2\/posts\/241550\/revisions"}],"predecessor-version":[{"id":241556,"href":"https:\/\/ugel04.gob.pe\/l_siagie\/inicio\/wp-json\/wp\/v2\/posts\/241550\/revisions\/241556"}],"wp:featuredmedia":[{"embeddable":true,"href":"https:\/\/ugel04.gob.pe\/l_siagie\/inicio\/wp-json\/wp\/v2\/media\/241554"}],"wp:attachment":[{"href":"https:\/\/ugel04.gob.pe\/l_siagie\/inicio\/wp-json\/wp\/v2\/media?parent=241550"}],"wp:term":[{"taxonomy":"category","embeddable":true,"href":"https:\/\/ugel04.gob.pe\/l_siagie\/inicio\/wp-json\/wp\/v2\/categories?post=241550"},{"taxonomy":"post_tag","embeddable":true,"href":"https:\/\/ugel04.gob.pe\/l_siagie\/inicio\/wp-json\/wp\/v2\/tags?post=241550"}],"curies":[{"name":"wp","href":"https:\/\/api.w.org\/{rel}","templated":true}]}}