{"id":7,"date":"2023-07-25T14:14:10","date_gmt":"2023-07-25T19:14:10","guid":{"rendered":"https:\/\/ugel04.gob.pe\/l_agebre\/inicio\/?p=7"},"modified":"2023-07-25T14:22:02","modified_gmt":"2023-07-25T19:22:02","slug":"la-educacion-emocional-en-laetapa-de-0-a-3-anos","status":"publish","type":"post","link":"https:\/\/ugel04.gob.pe\/l_agebre\/inicio\/2023\/07\/25\/la-educacion-emocional-en-laetapa-de-0-a-3-anos\/","title":{"rendered":"La Educaci\u00f3n Emocional en laEtapa de 0 a 3 a\u00f1os"},"content":{"rendered":"\n[et_pb_section fb_built=\u00bb1&#8243; _builder_version=\u00bb3.27.3&#8243; global_colors_info=\u00bb{}\u00bb][et_pb_row column_structure=\u00bb1_2,1_2&#8243; _builder_version=\u00bb3.27.3&#8243; global_colors_info=\u00bb{}\u00bb][et_pb_column type=\u00bb1_2&#8243; _builder_version=\u00bb3.27.3&#8243; global_colors_info=\u00bb{}\u00bb][et_pb_image src=\u00bbhttps:\/\/ugel04.gob.pe\/l_agebre\/inicio\/wp-content\/uploads\/2023\/07\/noticia.jpg\u00bb _builder_version=\u00bb4.14.7&#8243; max_width_tablet=\u00bb300px\u00bb max_width_phone=\u00bb\u00bb max_width_last_edited=\u00bbon|tablet\u00bb custom_margin=\u00bb|||-8vw|false|false\u00bb custom_margin_tablet=\u00bb|||0vw|false|false\u00bb custom_margin_phone=\u00bb\u00bb custom_margin_last_edited=\u00bbon|tablet\u00bb hover_enabled=\u00bb0&#8243; global_colors_info=\u00bb{}\u00bb title_text=\u00bbnoticia\u00bb sticky_enabled=\u00bb0&#8243;][\/et_pb_image][\/et_pb_column][et_pb_column type=\u00bb1_2&#8243; _builder_version=\u00bb3.27.3&#8243; custom_padding=\u00bb100px||||false|false\u00bb custom_padding_tablet=\u00bb0px||||false|false\u00bb custom_padding_phone=\u00bb\u00bb custom_padding_last_edited=\u00bbon|tablet\u00bb global_colors_info=\u00bb{}\u00bb][et_pb_post_title title=\u00bboff\u00bb author=\u00bboff\u00bb featured_image=\u00bboff\u00bb _builder_version=\u00bb3.27.3&#8243; meta_font=\u00bb|700||on|||||\u00bb meta_text_color=\u00bb#ffc077&#8243; meta_font_size=\u00bb12px\u00bb meta_letter_spacing=\u00bb1px\u00bb global_colors_info=\u00bb{}\u00bb][\/et_pb_post_title][et_pb_post_title author=\u00bboff\u00bb date=\u00bboff\u00bb _builder_version=\u00bb3.27.3&#8243; title_font=\u00bbMontserrat|700|||||||\u00bb title_font_size=\u00bb64px\u00bb title_line_height=\u00bb1.2em\u00bb title_font_size_tablet=\u00bb50px\u00bb title_font_size_phone=\u00bb24px\u00bb title_font_size_last_edited=\u00bbon|desktop\u00bb locked=\u00bboff\u00bb global_colors_info=\u00bb{}\u00bb][\/et_pb_post_title][et_pb_text _builder_version=\u00bb4.14.7&#8243; text_line_height=\u00bb1.8em\u00bb text_orientation=\u00bbjustify\u00bb max_width=\u00bb600px\u00bb module_alignment=\u00bbcenter\u00bb hover_enabled=\u00bb0&#8243; text_text_align=\u00bbjustify\u00bb locked=\u00bboff\u00bb global_colors_info=\u00bb{}\u00bb sticky_enabled=\u00bb0&#8243;]<p>El desarrollo emocional o afectivo se refiere al proceso por el cual el ni\u00f1o construye su identidad, su autoestima, su seguridad y la confianza en s\u00ed mismo yen el mundo que lo rodea, a trav\u00e9s de las interacciones que establece con sus pares significativos, ubic\u00e1ndose a s\u00ed mismo como una persona \u00fanica y distinta.<\/p>[\/et_pb_text][et_pb_text _builder_version=\u00bb3.27.4&#8243; text_font=\u00bbCardo|700|on||||||\u00bb text_font_size=\u00bb16px\u00bb text_line_height=\u00bb1.8em\u00bb link_font=\u00bb||||on||||\u00bb link_text_color=\u00bb#000000&#8243; max_width=\u00bb600px\u00bb module_alignment=\u00bbcenter\u00bb locked=\u00bboff\u00bb global_colors_info=\u00bb{}\u00bb]<p><a href=\"#\">Continue Reading: 8min Read<\/a><\/p>[\/et_pb_text][\/et_pb_column][\/et_pb_row][\/et_pb_section]\n","protected":false},"excerpt":{"rendered":"<p>El desarrollo emocional o afectivo se refiere al proceso por el cual el ni\u00f1o construye su identidad, su autoestima, su seguridad y la confianza en s\u00ed mismo yen el mundo que lo rodea, a trav\u00e9s de las interacciones que establece con sus pares significativos, ubic\u00e1ndose a s\u00ed mismo como una persona \u00fanica y distinta.Continue Reading: [&hellip;]<\/p>\n","protected":false},"author":1,"featured_media":8,"comment_status":"open","ping_status":"closed","sticky":false,"template":"","format":"standard","meta":{"_et_pb_use_builder":"on","_et_pb_old_content":"","_et_gb_content_width":"1080","footnotes":""},"categories":[2],"tags":[],"class_list":["post-7","post","type-post","status-publish","format-standard","has-post-thumbnail","hentry","category-noticias"],"_links":{"self":[{"href":"https:\/\/ugel04.gob.pe\/l_agebre\/inicio\/wp-json\/wp\/v2\/posts\/7","targetHints":{"allow":["GET"]}}],"collection":[{"href":"https:\/\/ugel04.gob.pe\/l_agebre\/inicio\/wp-json\/wp\/v2\/posts"}],"about":[{"href":"https:\/\/ugel04.gob.pe\/l_agebre\/inicio\/wp-json\/wp\/v2\/types\/post"}],"author":[{"embeddable":true,"href":"https:\/\/ugel04.gob.pe\/l_agebre\/inicio\/wp-json\/wp\/v2\/users\/1"}],"replies":[{"embeddable":true,"href":"https:\/\/ugel04.gob.pe\/l_agebre\/inicio\/wp-json\/wp\/v2\/comments?post=7"}],"version-history":[{"count":4,"href":"https:\/\/ugel04.gob.pe\/l_agebre\/inicio\/wp-json\/wp\/v2\/posts\/7\/revisions"}],"predecessor-version":[{"id":19,"href":"https:\/\/ugel04.gob.pe\/l_agebre\/inicio\/wp-json\/wp\/v2\/posts\/7\/revisions\/19"}],"wp:featuredmedia":[{"embeddable":true,"href":"https:\/\/ugel04.gob.pe\/l_agebre\/inicio\/wp-json\/wp\/v2\/media\/8"}],"wp:attachment":[{"href":"https:\/\/ugel04.gob.pe\/l_agebre\/inicio\/wp-json\/wp\/v2\/media?parent=7"}],"wp:term":[{"taxonomy":"category","embeddable":true,"href":"https:\/\/ugel04.gob.pe\/l_agebre\/inicio\/wp-json\/wp\/v2\/categories?post=7"},{"taxonomy":"post_tag","embeddable":true,"href":"https:\/\/ugel04.gob.pe\/l_agebre\/inicio\/wp-json\/wp\/v2\/tags?post=7"}],"curies":[{"name":"wp","href":"https:\/\/api.w.org\/{rel}","templated":true}]}}