{"id":241702,"date":"2024-10-22T09:47:43","date_gmt":"2024-10-22T14:47:43","guid":{"rendered":"https:\/\/ugel04.gob.pe\/l_agebre\/inicio\/?p=241702"},"modified":"2024-11-11T09:48:37","modified_gmt":"2024-11-11T14:48:37","slug":"escolares-de-ugel-04-participan-con-exito-en-evaluacion-de-lectura","status":"publish","type":"post","link":"https:\/\/ugel04.gob.pe\/l_agebre\/inicio\/2024\/10\/22\/escolares-de-ugel-04-participan-con-exito-en-evaluacion-de-lectura\/","title":{"rendered":"ESCOLARES DE UGEL 04 PARTICIPAN CON \u00c9XITO EN EVALUACI\u00d3N DE LECTURA"},"content":{"rendered":"\n[et_pb_section fb_built=\u00bb1&#8243; theme_builder_area=\u00bbpost_content\u00bb _builder_version=\u00bb4.27.2&#8243; _module_preset=\u00bbdefault\u00bb][et_pb_row _builder_version=\u00bb4.27.2&#8243; _module_preset=\u00bbdefault\u00bb theme_builder_area=\u00bbpost_content\u00bb][et_pb_column _builder_version=\u00bb4.27.2&#8243; _module_preset=\u00bbdefault\u00bb type=\u00bb4_4&#8243; theme_builder_area=\u00bbpost_content\u00bb][et_pb_text _builder_version=\u00bb4.27.2&#8243; _module_preset=\u00bbdefault\u00bb theme_builder_area=\u00bbpost_content\u00bb hover_enabled=\u00bb0&#8243; sticky_enabled=\u00bb0&#8243;]<p><strong>En el marco del I Festival \u201cLa Escuela que m\u00e1s Lee\u201d, estudiantes de 4\u00b0 y 6\u00b0 grado de primaria, as\u00ed como de 2\u00b0 y 5\u00b0 de secundaria de la UGEL 04, vienen participando con \u00e9xito en las evaluaciones de comprensi\u00f3n lectora; las mismas que tienen como objetivo medir la capacidad de comprensi\u00f3n y la velocidad de lectura de los estudiantes, adem\u00e1s del h\u00e1bito de la lectura en las instituciones educativas.<\/strong><\/p>\n<p>Las evaluaciones se est\u00e1n desarrollando de manera presencial en las instituciones educativas (IIEE), con las siguientes caracter\u00edsticas:<\/p>\n<ul>\n<li>Lectura de un texto con 5 \u00edtems de respuesta cerrada, dise\u00f1ado para cada grado y nivel.<\/li>\n<li>La estructura de las preguntas incluye:<\/li>\n<li>3 preguntas que eval\u00faan la capacidad de obtenci\u00f3n de informaci\u00f3n del texto escrito.<\/li>\n<li>2 preguntas enfocadas en medir la inferencia e interpretaci\u00f3n de informaci\u00f3n, de acuerdo con los lineamientos del Curr\u00edculo Nacional de la Educaci\u00f3n B\u00e1sica (CNEB).<\/li>\n<\/ul>\n<p>En esta ocasi\u00f3n, representantes de la Municipalidad de Lima y de Lectura Profesional (LECPRO) estuvieron presentes en las aulas para cronometrar el tiempo que los estudiantes dedicaron a la lectura del texto, permitiendo registrar tanto la velocidad como la precisi\u00f3n en la comprensi\u00f3n; para ello, los alumnos leyeron el texto una sola vez y luego respondieron las preguntas.<\/p>\n<p>El proceso estuvo bajo la supervisi\u00f3n del jefe de AGEBRE de la UGEL 04, Johnny Ventura, junto a especialistas en educaci\u00f3n y el representante de la Municipalidad de Lima, Santiago Tacunan, quienes monitorearon y garantizaron el correcto desarrollo de la evaluaci\u00f3n.<\/p>\n<p><strong>Publicaci\u00f3n de Resultados<\/strong><\/p>\n<p>Los resultados de estas evaluaciones ser\u00e1n anunciados el 26 de noviembre a trav\u00e9s de la p\u00e1gina web y redes sociales oficiales de la UGEL 04.<\/p>\n<p>Agradecemos a todas las instituciones educativas que est\u00e1n participando activamente en el I Festival \u201cLa Escuela que m\u00e1s Lee\u201d, esta iniciativa busca promover la lectura y fortalecer el aprendizaje de nuestros estudiantes.<\/p>[\/et_pb_text][\/et_pb_column][\/et_pb_row][\/et_pb_section]\n","protected":false},"excerpt":{"rendered":"<p>En el marco del I Festival \u201cLa Escuela que m\u00e1s Lee\u201d, estudiantes de 4\u00b0 y 6\u00b0 grado de primaria, as\u00ed como de 2\u00b0 y 5\u00b0 de secundaria de la UGEL 04, vienen participando con \u00e9xito en las evaluaciones de comprensi\u00f3n lectora; las mismas que tienen como objetivo medir la capacidad de comprensi\u00f3n y la velocidad [&hellip;]<\/p>\n","protected":false},"author":1,"featured_media":241703,"comment_status":"closed","ping_status":"closed","sticky":false,"template":"","format":"standard","meta":{"_et_pb_use_builder":"on","_et_pb_old_content":"","_et_gb_content_width":"1080","footnotes":""},"categories":[2],"tags":[],"class_list":["post-241702","post","type-post","status-publish","format-standard","has-post-thumbnail","hentry","category-noticias"],"_links":{"self":[{"href":"https:\/\/ugel04.gob.pe\/l_agebre\/inicio\/wp-json\/wp\/v2\/posts\/241702","targetHints":{"allow":["GET"]}}],"collection":[{"href":"https:\/\/ugel04.gob.pe\/l_agebre\/inicio\/wp-json\/wp\/v2\/posts"}],"about":[{"href":"https:\/\/ugel04.gob.pe\/l_agebre\/inicio\/wp-json\/wp\/v2\/types\/post"}],"author":[{"embeddable":true,"href":"https:\/\/ugel04.gob.pe\/l_agebre\/inicio\/wp-json\/wp\/v2\/users\/1"}],"replies":[{"embeddable":true,"href":"https:\/\/ugel04.gob.pe\/l_agebre\/inicio\/wp-json\/wp\/v2\/comments?post=241702"}],"version-history":[{"count":3,"href":"https:\/\/ugel04.gob.pe\/l_agebre\/inicio\/wp-json\/wp\/v2\/posts\/241702\/revisions"}],"predecessor-version":[{"id":241707,"href":"https:\/\/ugel04.gob.pe\/l_agebre\/inicio\/wp-json\/wp\/v2\/posts\/241702\/revisions\/241707"}],"wp:featuredmedia":[{"embeddable":true,"href":"https:\/\/ugel04.gob.pe\/l_agebre\/inicio\/wp-json\/wp\/v2\/media\/241703"}],"wp:attachment":[{"href":"https:\/\/ugel04.gob.pe\/l_agebre\/inicio\/wp-json\/wp\/v2\/media?parent=241702"}],"wp:term":[{"taxonomy":"category","embeddable":true,"href":"https:\/\/ugel04.gob.pe\/l_agebre\/inicio\/wp-json\/wp\/v2\/categories?post=241702"},{"taxonomy":"post_tag","embeddable":true,"href":"https:\/\/ugel04.gob.pe\/l_agebre\/inicio\/wp-json\/wp\/v2\/tags?post=241702"}],"curies":[{"name":"wp","href":"https:\/\/api.w.org\/{rel}","templated":true}]}}