{"id":241683,"date":"2024-11-07T08:30:39","date_gmt":"2024-11-07T13:30:39","guid":{"rendered":"https:\/\/ugel04.gob.pe\/l_agebre\/inicio\/?p=241683"},"modified":"2024-11-11T08:31:44","modified_gmt":"2024-11-11T13:31:44","slug":"docentes-reciben-capacitacion-en-prevencion-de-la-violencia-escolar-en-instituciones-educativas-de-nivel-primaria","status":"publish","type":"post","link":"https:\/\/ugel04.gob.pe\/l_agebre\/inicio\/2024\/11\/07\/docentes-reciben-capacitacion-en-prevencion-de-la-violencia-escolar-en-instituciones-educativas-de-nivel-primaria\/","title":{"rendered":"DOCENTES RECIBEN CAPACITACI\u00d3N EN PREVENCI\u00d3N DE LA VIOLENCIA ESCOLAR EN INSTITUCIONES EDUCATIVAS DE NIVEL PRIMARIA"},"content":{"rendered":"\n[et_pb_section fb_built=\u00bb1&#8243; theme_builder_area=\u00bbpost_content\u00bb _builder_version=\u00bb4.27.2&#8243; _module_preset=\u00bbdefault\u00bb][et_pb_row _builder_version=\u00bb4.27.2&#8243; _module_preset=\u00bbdefault\u00bb theme_builder_area=\u00bbpost_content\u00bb][et_pb_column _builder_version=\u00bb4.27.2&#8243; _module_preset=\u00bbdefault\u00bb type=\u00bb4_4&#8243; theme_builder_area=\u00bbpost_content\u00bb][et_pb_text _builder_version=\u00bb4.27.2&#8243; _module_preset=\u00bbdefault\u00bb theme_builder_area=\u00bbpost_content\u00bb hover_enabled=\u00bb0&#8243; sticky_enabled=\u00bb0&#8243;]<p><strong>En un trabajo articulado entre P1002 de UGEL 04 y UNICEF, organizaron una serie de charlas educativas dirigidas a docentes de colegios p\u00fablicos focalizados de los distritos de Comas y Carabayllo, con el objetivo de prevenir la violencia escolar, en especial aquella vinculada con el \u00e1mbito sexual, promoviendo as\u00ed el bienestar emocional de los estudiantes.<\/strong><\/p>\n<p>Estas actividades forman parte del Programa Presupuestal 1002 de AGEBRE, que se enfoca en implementar intervenciones educativas basadas en el desarrollo de habilidades socioemocionales.<\/p>\n<p>En este contexto, durante el presente a\u00f1o se llevaron a cabo tres capacitaciones dirigidas a docentes de primer a sexto grado de primaria pertenecientes a instituciones educativas como Fe y Alegr\u00eda 08, Santa Rosa de Carabayllo, Virgen de F\u00e1tima, entre otros.<\/p>\n<p>La primera capacitaci\u00f3n realizada en mayo, estuvo centrada en el desarrollo de habilidades socioemocionales, brindando a los docentes herramientas para trabajar con los estudiantes de quinto y sexto grado. La segunda capacitaci\u00f3n, llevada a cabo en agosto, tuvo como eje la prevenci\u00f3n de la violencia sexual, un tema clave para crear ambientes escolares seguros y protegidos.<\/p>\n<p>Finalmente, en la jornada de clausura, se abord\u00f3 la creaci\u00f3n de brigadas de prevenci\u00f3n, con el apoyo de UNICEF, cuyos representantes entregaron materiales did\u00e1cticos a los docentes para fortalecer su labor educativa y ayudarles en la formaci\u00f3n de los estudiantes.<\/p>\n<p>La actividad de clausura se celebr\u00f3 en la IE Fe y Alegr\u00eda 08, en el distrito de Comas, con la presencia de Jhony Ventura, jefe de AGEBRE, as\u00ed como representantes de UNICEF, entidad que proporcion\u00f3 los materiales que servir\u00e1n como recursos educativos de uso docente para la implementaci\u00f3n de las estrategias de prevenci\u00f3n y bienestar emocional con sus estudiantes.<\/p>\n<p>Este programa ha demostrado ser fundamental para combatir la violencia escolar, promoviendo la educaci\u00f3n emocional como herramienta central.<\/p>\n<p>UNICEF ha jugado un papel clave en este proceso, ofreciendo apoyo y recursos valiosos para garantizar que los docentes cuenten con las herramientas necesarias para crear un entorno educativo seguro y saludable para todos los estudiantes.<\/p>[\/et_pb_text][\/et_pb_column][\/et_pb_row][\/et_pb_section]\n","protected":false},"excerpt":{"rendered":"<p>En un trabajo articulado entre P1002 de UGEL 04 y UNICEF, organizaron una serie de charlas educativas dirigidas a docentes de colegios p\u00fablicos focalizados de los distritos de Comas y Carabayllo, con el objetivo de prevenir la violencia escolar, en especial aquella vinculada con el \u00e1mbito sexual, promoviendo as\u00ed el bienestar emocional de los estudiantes. [&hellip;]<\/p>\n","protected":false},"author":1,"featured_media":241684,"comment_status":"closed","ping_status":"closed","sticky":false,"template":"","format":"standard","meta":{"_et_pb_use_builder":"on","_et_pb_old_content":"","_et_gb_content_width":"1080","footnotes":""},"categories":[2],"tags":[],"class_list":["post-241683","post","type-post","status-publish","format-standard","has-post-thumbnail","hentry","category-noticias"],"_links":{"self":[{"href":"https:\/\/ugel04.gob.pe\/l_agebre\/inicio\/wp-json\/wp\/v2\/posts\/241683","targetHints":{"allow":["GET"]}}],"collection":[{"href":"https:\/\/ugel04.gob.pe\/l_agebre\/inicio\/wp-json\/wp\/v2\/posts"}],"about":[{"href":"https:\/\/ugel04.gob.pe\/l_agebre\/inicio\/wp-json\/wp\/v2\/types\/post"}],"author":[{"embeddable":true,"href":"https:\/\/ugel04.gob.pe\/l_agebre\/inicio\/wp-json\/wp\/v2\/users\/1"}],"replies":[{"embeddable":true,"href":"https:\/\/ugel04.gob.pe\/l_agebre\/inicio\/wp-json\/wp\/v2\/comments?post=241683"}],"version-history":[{"count":3,"href":"https:\/\/ugel04.gob.pe\/l_agebre\/inicio\/wp-json\/wp\/v2\/posts\/241683\/revisions"}],"predecessor-version":[{"id":241687,"href":"https:\/\/ugel04.gob.pe\/l_agebre\/inicio\/wp-json\/wp\/v2\/posts\/241683\/revisions\/241687"}],"wp:featuredmedia":[{"embeddable":true,"href":"https:\/\/ugel04.gob.pe\/l_agebre\/inicio\/wp-json\/wp\/v2\/media\/241684"}],"wp:attachment":[{"href":"https:\/\/ugel04.gob.pe\/l_agebre\/inicio\/wp-json\/wp\/v2\/media?parent=241683"}],"wp:term":[{"taxonomy":"category","embeddable":true,"href":"https:\/\/ugel04.gob.pe\/l_agebre\/inicio\/wp-json\/wp\/v2\/categories?post=241683"},{"taxonomy":"post_tag","embeddable":true,"href":"https:\/\/ugel04.gob.pe\/l_agebre\/inicio\/wp-json\/wp\/v2\/tags?post=241683"}],"curies":[{"name":"wp","href":"https:\/\/api.w.org\/{rel}","templated":true}]}}