{"id":145,"date":"2023-07-25T22:44:14","date_gmt":"2023-07-26T03:44:14","guid":{"rendered":"https:\/\/ugel04.gob.pe\/l_agebre\/inicio\/?p=145"},"modified":"2023-07-25T22:44:20","modified_gmt":"2023-07-26T03:44:20","slug":"agebre-brinda-taller-de-fortalecimiento-sobre-planificacion-curricular-a-directivos-noveles","status":"publish","type":"post","link":"https:\/\/ugel04.gob.pe\/l_agebre\/inicio\/2023\/07\/25\/agebre-brinda-taller-de-fortalecimiento-sobre-planificacion-curricular-a-directivos-noveles\/","title":{"rendered":"AGEBRE BRINDA TALLER DE FORTALECIMIENTO SOBRE PLANIFICACI\u00d3N CURRICULAR A DIRECTIVOS NOVELES"},"content":{"rendered":"<p>[et_pb_section fb_built=\u00bb1&#8243; theme_builder_area=\u00bbpost_content\u00bb _builder_version=\u00bb4.21.0&#8243; _module_preset=\u00bbdefault\u00bb][et_pb_row _builder_version=\u00bb4.21.0&#8243; _module_preset=\u00bbdefault\u00bb theme_builder_area=\u00bbpost_content\u00bb][et_pb_column _builder_version=\u00bb4.21.0&#8243; _module_preset=\u00bbdefault\u00bb type=\u00bb4_4&#8243; theme_builder_area=\u00bbpost_content\u00bb][et_pb_text _builder_version=\u00bb4.21.0&#8243; _module_preset=\u00bbdefault\u00bb theme_builder_area=\u00bbpost_content\u00bb hover_enabled=\u00bb0&#8243; sticky_enabled=\u00bb0&#8243;]<\/p>\n<p style=\"text-align: justify;\">Especialistas de AGEBRE de la UGEL 04 vienen reforzando las capacidades de gesti\u00f3n de los directivos noveles del nivel inicial, primaria y secundaria de las II.EE p\u00fablicas de nuestra jurisdicci\u00f3n, sobre temas de Monitoreo y Acompa\u00f1amiento, Planificaci\u00f3n Curricular y R\u00fabricas de Observaci\u00f3n de Aula en el marco del enfoque por competencias, mediante talleres que por tres d\u00edas consecutivos se desarrollan en la Universidad de Ciencia y Humanidades.<\/p>\n<p style=\"text-align: justify;\">Los talleres tienen como objetivo, capacitar a los nuevos l\u00edderes pedag\u00f3gicos para que puedan orientar a su comunidad educativa en la mejora de los aprendizajes, abordando temas puntuales que les permitan enfrentar con \u00e9xito los desaf\u00edos en su labor de liderazgo y gesti\u00f3n en las escuelas.<\/p>\n<p style=\"text-align: justify;\">Durante la primera jornada se abord\u00f3 el tema de planificaci\u00f3n curricular, en el cual los directivos noveles pudieron conocer y aplicar herramientas y t\u00e9cnicas para dise\u00f1ar planes curriculares efectivos que les permita mejorar la calidad de la educaci\u00f3n que se ofrece en sus instituciones educativas.<\/p>\n<p style=\"text-align: justify;\">Durante la sesi\u00f3n de Planificaci\u00f3n Curricular, los asistentes aprendieron a identificar los objetivos y metas de aprendizaje que deben alcanzar sus docentes en cada nivel educativo, as\u00ed como dise\u00f1ar planes de estudio que sean flexibles y adaptables a las necesidades de los estudiantes.<\/p>\n<p style=\"text-align: justify;\">Asimismo, se abord\u00f3 la importancia de incorporar en el plan curricular actividades que fomenten el pensamiento cr\u00edtico, la resoluci\u00f3n de problemas y creatividad en los estudiantes, as\u00ed como la necesidad de adaptar el plan curricular a la realidad socioecon\u00f3mica y cultural de la comunidad donde se encuentra la escuela.<\/p>\n<p style=\"text-align: justify;\">El taller continuar\u00e1 durante los pr\u00f3ximos dos d\u00edas, abarcando temas de Monitoreo y Acompa\u00f1amiento, as\u00ed como R\u00fabricas de Observaci\u00f3n de Aula, en las cuales se espera que los participantes puedan adquirir conocimientos y habilidades que les permitan mejorar la calidad educativa que se ofrece en sus instituciones educativas.<\/p>\n<p>[\/et_pb_text][\/et_pb_column][\/et_pb_row][\/et_pb_section]<\/p>\n","protected":false},"excerpt":{"rendered":"<p>Especialistas de AGEBRE de la UGEL 04 vienen reforzando las capacidades de gesti\u00f3n de los directivos noveles del nivel inicial, primaria y secundaria de las II.EE p\u00fablicas de nuestra jurisdicci\u00f3n, sobre temas de Monitoreo y Acompa\u00f1amiento, Planificaci\u00f3n Curricular y R\u00fabricas de Observaci\u00f3n de Aula en el marco del enfoque por competencias, mediante talleres que por [&hellip;]<\/p>\n","protected":false},"author":1,"featured_media":146,"comment_status":"open","ping_status":"closed","sticky":false,"template":"","format":"standard","meta":{"_et_pb_use_builder":"on","_et_pb_old_content":"","_et_gb_content_width":"1080","footnotes":""},"categories":[2],"tags":[],"class_list":["post-145","post","type-post","status-publish","format-standard","has-post-thumbnail","hentry","category-noticias"],"_links":{"self":[{"href":"https:\/\/ugel04.gob.pe\/l_agebre\/inicio\/wp-json\/wp\/v2\/posts\/145","targetHints":{"allow":["GET"]}}],"collection":[{"href":"https:\/\/ugel04.gob.pe\/l_agebre\/inicio\/wp-json\/wp\/v2\/posts"}],"about":[{"href":"https:\/\/ugel04.gob.pe\/l_agebre\/inicio\/wp-json\/wp\/v2\/types\/post"}],"author":[{"embeddable":true,"href":"https:\/\/ugel04.gob.pe\/l_agebre\/inicio\/wp-json\/wp\/v2\/users\/1"}],"replies":[{"embeddable":true,"href":"https:\/\/ugel04.gob.pe\/l_agebre\/inicio\/wp-json\/wp\/v2\/comments?post=145"}],"version-history":[{"count":2,"href":"https:\/\/ugel04.gob.pe\/l_agebre\/inicio\/wp-json\/wp\/v2\/posts\/145\/revisions"}],"predecessor-version":[{"id":148,"href":"https:\/\/ugel04.gob.pe\/l_agebre\/inicio\/wp-json\/wp\/v2\/posts\/145\/revisions\/148"}],"wp:featuredmedia":[{"embeddable":true,"href":"https:\/\/ugel04.gob.pe\/l_agebre\/inicio\/wp-json\/wp\/v2\/media\/146"}],"wp:attachment":[{"href":"https:\/\/ugel04.gob.pe\/l_agebre\/inicio\/wp-json\/wp\/v2\/media?parent=145"}],"wp:term":[{"taxonomy":"category","embeddable":true,"href":"https:\/\/ugel04.gob.pe\/l_agebre\/inicio\/wp-json\/wp\/v2\/categories?post=145"},{"taxonomy":"post_tag","embeddable":true,"href":"https:\/\/ugel04.gob.pe\/l_agebre\/inicio\/wp-json\/wp\/v2\/tags?post=145"}],"curies":[{"name":"wp","href":"https:\/\/api.w.org\/{rel}","templated":true}]}}