{"id":141,"date":"2023-07-25T22:41:46","date_gmt":"2023-07-26T03:41:46","guid":{"rendered":"https:\/\/ugel04.gob.pe\/l_agebre\/inicio\/?p=141"},"modified":"2023-07-25T22:41:52","modified_gmt":"2023-07-26T03:41:52","slug":"nueva-jefa-de-agebre-y-cuatro-especialistas-se-suman-a-la-gran-tarea-pedagogica-de-la-ugel-04","status":"publish","type":"post","link":"https:\/\/ugel04.gob.pe\/l_agebre\/inicio\/2023\/07\/25\/nueva-jefa-de-agebre-y-cuatro-especialistas-se-suman-a-la-gran-tarea-pedagogica-de-la-ugel-04\/","title":{"rendered":"NUEVA JEFA DE AGEBRE Y CUATRO ESPECIALISTAS SE SUMAN A LA GRAN TAREA PEDAGOGICA DE LA UGEL 04"},"content":{"rendered":"<p>[et_pb_section fb_built=\u00bb1&#8243; theme_builder_area=\u00bbpost_content\u00bb _builder_version=\u00bb4.21.0&#8243; _module_preset=\u00bbdefault\u00bb][et_pb_row _builder_version=\u00bb4.21.0&#8243; _module_preset=\u00bbdefault\u00bb theme_builder_area=\u00bbpost_content\u00bb][et_pb_column _builder_version=\u00bb4.21.0&#8243; _module_preset=\u00bbdefault\u00bb type=\u00bb4_4&#8243; theme_builder_area=\u00bbpost_content\u00bb][et_pb_text _builder_version=\u00bb4.21.0&#8243; _module_preset=\u00bbdefault\u00bb theme_builder_area=\u00bbpost_content\u00bb hover_enabled=\u00bb0&#8243; sticky_enabled=\u00bb0&#8243;]<\/p>\n<p style=\"text-align: justify;\">En una emotiva ceremonia, la directora Nelly Cunza Pr\u00edncipe, los jefes de \u00c1rea y personal de los \u00f3rganos de l\u00ednea de la UGEL 04, dieron la bienvenida a la profesora Gily Espinoza Yupanqui, quien asume como nueva jefa del \u00c1rea de Gesti\u00f3n de Educaci\u00f3n B\u00e1sica Regular (AGEBRE); as\u00ed como, a cuatro docentes que se integran al equipo de especialistas en educaci\u00f3n de nuestra entidad.<\/p>\n<p style=\"text-align: justify;\">En su discurso de acogida, la titular de la UGEL 04 reafirm\u00f3 su compromiso de trabajar en forma coordinada con la flamante jefa de AGEBRE, a fin de alcanzar los objetivos institucionales trazados y a favor del logro de los aprendizajes en las escuelas de nuestra jurisdicci\u00f3n.<\/p>\n<p style=\"text-align: justify;\">Por su parte la Dra. Gily Espinoza Yupanqui (quien cuenta con 38 a\u00f1os en el servicio docente), expres\u00f3 sentirse motivada de continuar trabajando en la formaci\u00f3n de los ni\u00f1os, adolescentes y j\u00f3venes, en esta oportunidad desde la UGEL 04, \u201ceste es un nuevo reto que asumir\u00e9 con el compromiso de siempre, para contribuir a la mejora educativa en este sector\u201d, se\u00f1al\u00f3.<\/p>\n<p style=\"text-align: justify;\">En tanto, los cuatros nuevos especialistas expresaron su alegr\u00eda y compromiso de aportar sus capacidades para cumplir con las metas se\u00f1aladas en la gesti\u00f3n por resultados de la instituci\u00f3n.<\/p>\n<p style=\"text-align: justify;\"><b><strong>Especialistas en educaci\u00f3n que se integran a AGEBRE<\/strong><\/b><\/p>\n<p style=\"text-align: justify;\">Percy Salazar Isa\u00edas, especialista en Matem\u00e1ticas; Valent\u00edn Katari Vilca, especialista en Matem\u00e1tica; Carlos Alata Vizarreta, especialista de Educaci\u00f3n F\u00edsica; Ana Beatriz Aguirre Jim\u00e9nez, especialista en ingl\u00e9s.<\/p>\n<p>[\/et_pb_text][\/et_pb_column][\/et_pb_row][\/et_pb_section]<\/p>\n","protected":false},"excerpt":{"rendered":"<p>En una emotiva ceremonia, la directora Nelly Cunza Pr\u00edncipe, los jefes de \u00c1rea y personal de los \u00f3rganos de l\u00ednea de la UGEL 04, dieron la bienvenida a la profesora Gily Espinoza Yupanqui, quien asume como nueva jefa del \u00c1rea de Gesti\u00f3n de Educaci\u00f3n B\u00e1sica Regular (AGEBRE); as\u00ed como, a cuatro docentes que se integran [&hellip;]<\/p>\n","protected":false},"author":1,"featured_media":142,"comment_status":"open","ping_status":"closed","sticky":false,"template":"","format":"standard","meta":{"_et_pb_use_builder":"on","_et_pb_old_content":"","_et_gb_content_width":"1080","footnotes":""},"categories":[2],"tags":[],"class_list":["post-141","post","type-post","status-publish","format-standard","has-post-thumbnail","hentry","category-noticias"],"_links":{"self":[{"href":"https:\/\/ugel04.gob.pe\/l_agebre\/inicio\/wp-json\/wp\/v2\/posts\/141","targetHints":{"allow":["GET"]}}],"collection":[{"href":"https:\/\/ugel04.gob.pe\/l_agebre\/inicio\/wp-json\/wp\/v2\/posts"}],"about":[{"href":"https:\/\/ugel04.gob.pe\/l_agebre\/inicio\/wp-json\/wp\/v2\/types\/post"}],"author":[{"embeddable":true,"href":"https:\/\/ugel04.gob.pe\/l_agebre\/inicio\/wp-json\/wp\/v2\/users\/1"}],"replies":[{"embeddable":true,"href":"https:\/\/ugel04.gob.pe\/l_agebre\/inicio\/wp-json\/wp\/v2\/comments?post=141"}],"version-history":[{"count":2,"href":"https:\/\/ugel04.gob.pe\/l_agebre\/inicio\/wp-json\/wp\/v2\/posts\/141\/revisions"}],"predecessor-version":[{"id":144,"href":"https:\/\/ugel04.gob.pe\/l_agebre\/inicio\/wp-json\/wp\/v2\/posts\/141\/revisions\/144"}],"wp:featuredmedia":[{"embeddable":true,"href":"https:\/\/ugel04.gob.pe\/l_agebre\/inicio\/wp-json\/wp\/v2\/media\/142"}],"wp:attachment":[{"href":"https:\/\/ugel04.gob.pe\/l_agebre\/inicio\/wp-json\/wp\/v2\/media?parent=141"}],"wp:term":[{"taxonomy":"category","embeddable":true,"href":"https:\/\/ugel04.gob.pe\/l_agebre\/inicio\/wp-json\/wp\/v2\/categories?post=141"},{"taxonomy":"post_tag","embeddable":true,"href":"https:\/\/ugel04.gob.pe\/l_agebre\/inicio\/wp-json\/wp\/v2\/tags?post=141"}],"curies":[{"name":"wp","href":"https:\/\/api.w.org\/{rel}","templated":true}]}}