{"id":263223,"date":"2026-09-04T15:56:04","date_gmt":"2026-09-04T20:56:04","guid":{"rendered":"https:\/\/ugel04.gob.pe\/home\/?p=263223"},"modified":"2026-09-04T15:56:04","modified_gmt":"2026-09-04T20:56:04","slug":"especialistas-de-la-ugel-04-presentan-resultados-del-monitoreo-y-promueven-acciones-de-mejora-en-los-pronoei","status":"publish","type":"post","link":"https:\/\/ugel04.gob.pe\/home\/especialistas-de-la-ugel-04-presentan-resultados-del-monitoreo-y-promueven-acciones-de-mejora-en-los-pronoei\/","title":{"rendered":"ESPECIALISTAS DE LA UGEL 04 PRESENTAN RESULTADOS DEL MONITOREO Y PROMUEVEN ACCIONES DE MEJORA EN LOS PRONOEI."},"content":{"rendered":"<div class=\"et_pb_section_0 et_pb_section et_section_regular et_flex_section\">\n<div class=\"et_pb_row_0 et_pb_row et_flex_row\">\n<div class=\"et_pb_column_0 et_pb_column et-last-child et_flex_column et_pb_css_mix_blend_mode_passthrough et_flex_column_24_24 et_flex_column_24_24_tablet et_flex_column_24_24_phone\">\n<div class=\"et_pb_text_0 et_pb_text et_pb_bg_layout_light et_pb_module et_flex_module\"><div class=\"et_pb_text_inner\"><p><strong>M\u00e1s de 46 Profesoras Coordinadoras de los PRONOEI de la UGEL 04 participaron en una jornada de socializaci\u00f3n de los resultados del monitoreo realizado a su trabajo. Actualmente, ellas acompa\u00f1an la labor de 355 Profesoras Educativas Comunitarias (PEC) que atienden a ni\u00f1as y ni\u00f1os de la primera infancia.<\/strong><\/p>\n<p>El encuentro permiti\u00f3 revisar los principales resultados y reconocer los avances, as\u00ed como los aspectos que requieren mayor atenci\u00f3n en la gesti\u00f3n, el acompa\u00f1amiento a las PEC, el trabajo con las familias y las comunidades de aprendizaje.<\/p>\n<p>La jornada estuvo a cargo de la especialista de AGEBRE Erika Rosario Huam\u00e1n. A trav\u00e9s de din\u00e1micas, trabajos grupales y el uso de papelotes, las participantes analizaron la informaci\u00f3n y compartieron sus respuestas y propuestas, convirtiendo los resultados del monitoreo en compromisos para su labor.<\/p>\n<p>La actividad cerr\u00f3 con una reflexi\u00f3n que resume el prop\u00f3sito de este trabajo: \u201cCada visita debe dejar una evidencia, cada evidencia una reflexi\u00f3n, cada reflexi\u00f3n un compromiso y cada compromiso una mejora.\u201d<\/p>\n<\/div><\/div>\n<\/div>\n<\/div>\n<\/div>","protected":false},"excerpt":{"rendered":"","protected":false},"author":16,"featured_media":263224,"comment_status":"closed","ping_status":"closed","sticky":false,"template":"","format":"standard","meta":{"footnotes":""},"categories":[10],"tags":[],"class_list":["post-263223","post","type-post","status-publish","format-standard","has-post-thumbnail","hentry","category-noticias"],"_links":{"self":[{"href":"https:\/\/ugel04.gob.pe\/home\/wp-json\/wp\/v2\/posts\/263223","targetHints":{"allow":["GET"]}}],"collection":[{"href":"https:\/\/ugel04.gob.pe\/home\/wp-json\/wp\/v2\/posts"}],"about":[{"href":"https:\/\/ugel04.gob.pe\/home\/wp-json\/wp\/v2\/types\/post"}],"author":[{"embeddable":true,"href":"https:\/\/ugel04.gob.pe\/home\/wp-json\/wp\/v2\/users\/16"}],"replies":[{"embeddable":true,"href":"https:\/\/ugel04.gob.pe\/home\/wp-json\/wp\/v2\/comments?post=263223"}],"version-history":[{"count":2,"href":"https:\/\/ugel04.gob.pe\/home\/wp-json\/wp\/v2\/posts\/263223\/revisions"}],"predecessor-version":[{"id":263226,"href":"https:\/\/ugel04.gob.pe\/home\/wp-json\/wp\/v2\/posts\/263223\/revisions\/263226"}],"wp:featuredmedia":[{"embeddable":true,"href":"https:\/\/ugel04.gob.pe\/home\/wp-json\/wp\/v2\/media\/263224"}],"wp:attachment":[{"href":"https:\/\/ugel04.gob.pe\/home\/wp-json\/wp\/v2\/media?parent=263223"}],"wp:term":[{"taxonomy":"category","embeddable":true,"href":"https:\/\/ugel04.gob.pe\/home\/wp-json\/wp\/v2\/categories?post=263223"},{"taxonomy":"post_tag","embeddable":true,"href":"https:\/\/ugel04.gob.pe\/home\/wp-json\/wp\/v2\/tags?post=263223"}],"curies":[{"name":"wp","href":"https:\/\/api.w.org\/{rel}","templated":true}]}}