{"id":263217,"date":"2026-09-04T12:58:50","date_gmt":"2026-09-04T17:58:50","guid":{"rendered":"https:\/\/ugel04.gob.pe\/home\/?p=263217"},"modified":"2026-09-04T12:58:50","modified_gmt":"2026-09-04T17:58:50","slug":"comudenna-comas-realiza-feria-informativa-para-prevenir-violencia","status":"publish","type":"post","link":"https:\/\/ugel04.gob.pe\/home\/comudenna-comas-realiza-feria-informativa-para-prevenir-violencia\/","title":{"rendered":"COMUDENNA &#8211; COMAS REALIZA FERIA INFORMATIVA PARA PREVENIR VIOLENCIA"},"content":{"rendered":"<div class=\"et_pb_section_0 et_pb_section et_section_regular et_flex_section\">\n<div class=\"et_pb_row_0 et_pb_row et_flex_row\">\n<div class=\"et_pb_column_0 et_pb_column et-last-child et_flex_column et_pb_css_mix_blend_mode_passthrough et_flex_column_24_24 et_flex_column_24_24_tablet et_flex_column_24_24_phone\">\n<div class=\"et_pb_text_0 et_pb_text et_pb_bg_layout_light et_pb_module et_flex_module\"><div class=\"et_pb_text_inner\"><p><span>El Comit\u00e9 Multisectorial por los Derechos de las Ni\u00f1as, Ni\u00f1os y Adolescentes (COMUDENNA) \u2013 COMAS, que integra la UGEL 04 junto a sus aliados estrat\u00e9gicos por la educaci\u00f3n, llev\u00f3 a cabo una jornada de charla y Feria de Servicios contra la Violencia, dirigida a los directivos, docentes, padres de familia y estudiantes de la IE N\u00b0 2048 Jos\u00e9 Carlos Mari\u00e1tegui.<\/span><\/p>\n<p><span>Durante la actividad denominada \u201c10 Feria nacional simult\u00e1nea Llapanchikpaq Justicia\u201d, los especialistas y representantes de las diversas entidades que componen el COMUDENNA, brindaron informaci\u00f3n destinada a sensibilizar a los padres de familia respecto a la protecci\u00f3n que deben mantener en todo momento a sus hijos en edad escolar.<\/span><\/p>\n<p><span>Asimismo, orientaron a los estudiantes sobre la forma c\u00f3mo deben auto cuidarse y c\u00f3mo deben mantener actitudes preventivas, para evitar da\u00f1os dentro o fuera de la instituci\u00f3n educativa. <\/span><\/p>\n<p><span>Para el efecto, se instalaron stands para cada una de las entidades aliadas, en donde los integrantes de la comunidad educativa de la IE 2048 pudieron absolver sus dudas e interrogantes.<\/span><\/p>\n<p><span>En esta jornada de prevenci\u00f3n participaron instituciones como: la Corte Superior de Justicia de Lima Norte, Municipalidad de Comas, Ministerio del Interior, Ministerio de Trabajo, Ministerio de la Mujer, ONG Alternativa, INABIF, Defensor\u00eda del Pueblo, DIRIS Lima Norte, UGEL 04, entre otros.<\/span><\/p>\n<p><span>Finalmente, cabe resaltar que la presente Feria informativa es la segunda del a\u00f1o que se realiza en nuestra jurisdicci\u00f3n; la anterior se desarroll\u00f3 en el distrito de Carabayllo, dejando en evidencia la decisi\u00f3n de la UGEL 04 de priorizar la difusi\u00f3n de las normas, los derechos, medidas preventivas y las acciones de protecci\u00f3n para los estudiantes de nuestras escuelas.<\/span><\/p>\n<\/div><\/div>\n<\/div>\n<\/div>\n<\/div>","protected":false},"excerpt":{"rendered":"","protected":false},"author":16,"featured_media":263218,"comment_status":"closed","ping_status":"closed","sticky":false,"template":"","format":"standard","meta":{"footnotes":""},"categories":[10],"tags":[],"class_list":["post-263217","post","type-post","status-publish","format-standard","has-post-thumbnail","hentry","category-noticias"],"_links":{"self":[{"href":"https:\/\/ugel04.gob.pe\/home\/wp-json\/wp\/v2\/posts\/263217","targetHints":{"allow":["GET"]}}],"collection":[{"href":"https:\/\/ugel04.gob.pe\/home\/wp-json\/wp\/v2\/posts"}],"about":[{"href":"https:\/\/ugel04.gob.pe\/home\/wp-json\/wp\/v2\/types\/post"}],"author":[{"embeddable":true,"href":"https:\/\/ugel04.gob.pe\/home\/wp-json\/wp\/v2\/users\/16"}],"replies":[{"embeddable":true,"href":"https:\/\/ugel04.gob.pe\/home\/wp-json\/wp\/v2\/comments?post=263217"}],"version-history":[{"count":2,"href":"https:\/\/ugel04.gob.pe\/home\/wp-json\/wp\/v2\/posts\/263217\/revisions"}],"predecessor-version":[{"id":263220,"href":"https:\/\/ugel04.gob.pe\/home\/wp-json\/wp\/v2\/posts\/263217\/revisions\/263220"}],"wp:featuredmedia":[{"embeddable":true,"href":"https:\/\/ugel04.gob.pe\/home\/wp-json\/wp\/v2\/media\/263218"}],"wp:attachment":[{"href":"https:\/\/ugel04.gob.pe\/home\/wp-json\/wp\/v2\/media?parent=263217"}],"wp:term":[{"taxonomy":"category","embeddable":true,"href":"https:\/\/ugel04.gob.pe\/home\/wp-json\/wp\/v2\/categories?post=263217"},{"taxonomy":"post_tag","embeddable":true,"href":"https:\/\/ugel04.gob.pe\/home\/wp-json\/wp\/v2\/tags?post=263217"}],"curies":[{"name":"wp","href":"https:\/\/api.w.org\/{rel}","templated":true}]}}