{"id":263205,"date":"2026-09-03T15:34:43","date_gmt":"2026-09-03T20:34:43","guid":{"rendered":"https:\/\/ugel04.gob.pe\/home\/?p=263205"},"modified":"2026-09-03T15:34:43","modified_gmt":"2026-09-03T20:34:43","slug":"fe-y-alegria-13-inaugura-aula-tecnologica-para-fortalecer-el-aprendizaje-del-ingles","status":"publish","type":"post","link":"https:\/\/ugel04.gob.pe\/home\/fe-y-alegria-13-inaugura-aula-tecnologica-para-fortalecer-el-aprendizaje-del-ingles\/","title":{"rendered":"FE Y ALEGR\u00cdA 13 INAUGURA AULA TECNOL\u00d3GICA PARA FORTALECER EL APRENDIZAJE DEL INGL\u00c9S"},"content":{"rendered":"<div class=\"et_pb_section_0 et_pb_section et_section_regular et_flex_section\">\n<div class=\"et_pb_row_0 et_pb_row et_flex_row\">\n<div class=\"et_pb_column_0 et_pb_column et-last-child et_flex_column et_pb_css_mix_blend_mode_passthrough et_flex_column_24_24 et_flex_column_24_24_tablet et_flex_column_24_24_phone\">\n<div class=\"et_pb_text_0 et_pb_text et_pb_bg_layout_light et_pb_module et_flex_module\"><div class=\"et_pb_text_inner\"><p><strong>En la quinta zona de Collique, en Comas, la comunidad educativa de Fe y Alegr\u00eda 13 inaugur\u00f3 un aula tecnol\u00f3gica de ingl\u00e9s equipada con m\u00e1s de 30 computadoras. La actividad cont\u00f3 con la participaci\u00f3n de la directora de la UGEL 04, Nelly Cunza Pr\u00edncipe, junto a directivos, docentes, estudiantes y padres de familia.<\/strong><\/p>\n<p>Durante la visita, los escolares mostraron c\u00f3mo desarrollan sus clases en este nuevo ambiente. Con el acompa\u00f1amiento de su docente, realizaron actividades de lectura y escritura y practicaron el idioma de manera oral, demostrando que el uso de la tecnolog\u00eda puede hacer las clases m\u00e1s din\u00e1micas y participativas.<\/p>\n<p>La implementaci\u00f3n del aula se hizo con recursos propios del colegio y el apoyo de las familias. A ello se suman los talleres de corte y confecci\u00f3n y computaci\u00f3n, una amplia biblioteca, un auditorio y \u00e1reas destinadas al cuidado del ambiente, que complementan la formaci\u00f3n de los estudiantes.<\/p>\n<p>Este crecimiento es tambi\u00e9n parte del trabajo que viene realizando la madre F\u00e1tima Bustillos, quien tiene m\u00e1s de 20 a\u00f1os al frente de Fe y Alegr\u00eda 13. Desde sus inicios, cuando los recursos eran limitados, ha acompa\u00f1ado el desarrollo de la instituci\u00f3n, que actualmente atiende a 953 estudiantes en 25 secciones, en los turnos ma\u00f1ana y tarde.<\/p>\n<\/div><\/div>\n<\/div>\n<\/div>\n<\/div>","protected":false},"excerpt":{"rendered":"","protected":false},"author":16,"featured_media":263206,"comment_status":"closed","ping_status":"closed","sticky":false,"template":"","format":"standard","meta":{"footnotes":""},"categories":[10],"tags":[],"class_list":["post-263205","post","type-post","status-publish","format-standard","has-post-thumbnail","hentry","category-noticias"],"_links":{"self":[{"href":"https:\/\/ugel04.gob.pe\/home\/wp-json\/wp\/v2\/posts\/263205","targetHints":{"allow":["GET"]}}],"collection":[{"href":"https:\/\/ugel04.gob.pe\/home\/wp-json\/wp\/v2\/posts"}],"about":[{"href":"https:\/\/ugel04.gob.pe\/home\/wp-json\/wp\/v2\/types\/post"}],"author":[{"embeddable":true,"href":"https:\/\/ugel04.gob.pe\/home\/wp-json\/wp\/v2\/users\/16"}],"replies":[{"embeddable":true,"href":"https:\/\/ugel04.gob.pe\/home\/wp-json\/wp\/v2\/comments?post=263205"}],"version-history":[{"count":2,"href":"https:\/\/ugel04.gob.pe\/home\/wp-json\/wp\/v2\/posts\/263205\/revisions"}],"predecessor-version":[{"id":263208,"href":"https:\/\/ugel04.gob.pe\/home\/wp-json\/wp\/v2\/posts\/263205\/revisions\/263208"}],"wp:featuredmedia":[{"embeddable":true,"href":"https:\/\/ugel04.gob.pe\/home\/wp-json\/wp\/v2\/media\/263206"}],"wp:attachment":[{"href":"https:\/\/ugel04.gob.pe\/home\/wp-json\/wp\/v2\/media?parent=263205"}],"wp:term":[{"taxonomy":"category","embeddable":true,"href":"https:\/\/ugel04.gob.pe\/home\/wp-json\/wp\/v2\/categories?post=263205"},{"taxonomy":"post_tag","embeddable":true,"href":"https:\/\/ugel04.gob.pe\/home\/wp-json\/wp\/v2\/tags?post=263205"}],"curies":[{"name":"wp","href":"https:\/\/api.w.org\/{rel}","templated":true}]}}