{"id":263193,"date":"2026-09-02T13:00:24","date_gmt":"2026-09-02T18:00:24","guid":{"rendered":"https:\/\/ugel04.gob.pe\/home\/?p=263193"},"modified":"2026-09-02T13:02:18","modified_gmt":"2026-09-02T18:02:18","slug":"ugel-04-unicef-y-warmiwasi-unen-esfuerzos-para-fortalecer-chicas-tec-desde-los-cetpro","status":"publish","type":"post","link":"https:\/\/ugel04.gob.pe\/home\/ugel-04-unicef-y-warmiwasi-unen-esfuerzos-para-fortalecer-chicas-tec-desde-los-cetpro\/","title":{"rendered":"UGEL 04, UNICEF Y WARMIWASI UNEN ESFUERZOS PARA FORTALECER \u201cCHICAS TEC\u201d DESDE LOS CETPRO"},"content":{"rendered":"<div class=\"et_pb_section_0 et_pb_section et_section_regular et_flex_section\">\n<div class=\"et_pb_row_0 et_pb_row et_flex_row\">\n<div class=\"et_pb_column_0 et_pb_column et-last-child et_flex_column et_pb_css_mix_blend_mode_passthrough et_flex_column_24_24 et_flex_column_24_24_tablet et_flex_column_24_24_phone\">\n<div class=\"et_pb_text_0 et_pb_text et_pb_bg_layout_light et_pb_module et_flex_module\"><div class=\"et_pb_text_inner\"><p><strong>M\u00e1s j\u00f3venes podr\u00e1n encontrar en la tecnolog\u00eda una oportunidad para construir su futuro. La UGEL 04, UNICEF y Warmiwasi vienen trabajando para que el proyecto \u201cChicas Tec\u201d pueda continuar desde los CETPRO, con una propuesta que fortalece las capacidades de ni\u00f1as, adolescentes y mujeres en dise\u00f1o, programaci\u00f3n web e inteligencia artificial.<\/strong><\/p>\n<p>La iniciativa busca ir m\u00e1s all\u00e1 de una capacitaci\u00f3n. Las participantes tendr\u00e1n la posibilidad de mostrar lo que saben hacer ante empresas privadas, generar contactos y acercarse a nuevas oportunidades laborales.<\/p>\n<p>En una reuni\u00f3n liderada por la directora de la UGEL 04, Nelly Cunza Pr\u00edncipe, se acord\u00f3 avanzar en la transferencia del proyecto al CETPRO Carabayllo, con la participaci\u00f3n del jefe de AGEBATP, Roberto Zevallos, especialistas del \u00e1rea y la directora del CETPRO, Doris Jim\u00e9nez.<\/p>\n<p>Entre septiembre y diciembre se trabajar\u00e1 en los mecanismos, protocolos y materiales que permitan que esta experiencia pueda desarrollarse de manera aut\u00f3noma y, posteriormente, llegar a m\u00e1s CETPRO de la UGEL 04. La meta es clara: que el conocimiento tecnol\u00f3gico se convierta en una herramienta para generar oportunidades.<\/p>\n<\/div><\/div>\n<\/div>\n<\/div>\n<\/div>","protected":false},"excerpt":{"rendered":"","protected":false},"author":16,"featured_media":263194,"comment_status":"closed","ping_status":"closed","sticky":false,"template":"","format":"standard","meta":{"footnotes":""},"categories":[10],"tags":[],"class_list":["post-263193","post","type-post","status-publish","format-standard","has-post-thumbnail","hentry","category-noticias"],"_links":{"self":[{"href":"https:\/\/ugel04.gob.pe\/home\/wp-json\/wp\/v2\/posts\/263193","targetHints":{"allow":["GET"]}}],"collection":[{"href":"https:\/\/ugel04.gob.pe\/home\/wp-json\/wp\/v2\/posts"}],"about":[{"href":"https:\/\/ugel04.gob.pe\/home\/wp-json\/wp\/v2\/types\/post"}],"author":[{"embeddable":true,"href":"https:\/\/ugel04.gob.pe\/home\/wp-json\/wp\/v2\/users\/16"}],"replies":[{"embeddable":true,"href":"https:\/\/ugel04.gob.pe\/home\/wp-json\/wp\/v2\/comments?post=263193"}],"version-history":[{"count":2,"href":"https:\/\/ugel04.gob.pe\/home\/wp-json\/wp\/v2\/posts\/263193\/revisions"}],"predecessor-version":[{"id":263196,"href":"https:\/\/ugel04.gob.pe\/home\/wp-json\/wp\/v2\/posts\/263193\/revisions\/263196"}],"wp:featuredmedia":[{"embeddable":true,"href":"https:\/\/ugel04.gob.pe\/home\/wp-json\/wp\/v2\/media\/263194"}],"wp:attachment":[{"href":"https:\/\/ugel04.gob.pe\/home\/wp-json\/wp\/v2\/media?parent=263193"}],"wp:term":[{"taxonomy":"category","embeddable":true,"href":"https:\/\/ugel04.gob.pe\/home\/wp-json\/wp\/v2\/categories?post=263193"},{"taxonomy":"post_tag","embeddable":true,"href":"https:\/\/ugel04.gob.pe\/home\/wp-json\/wp\/v2\/tags?post=263193"}],"curies":[{"name":"wp","href":"https:\/\/api.w.org\/{rel}","templated":true}]}}