{"id":263171,"date":"2026-09-01T17:02:18","date_gmt":"2026-09-01T22:02:18","guid":{"rendered":"https:\/\/ugel04.gob.pe\/home\/?p=263171"},"modified":"2026-09-01T17:02:18","modified_gmt":"2026-09-01T22:02:18","slug":"ugel-04-orienta-a-directivos-sobre-como-actuar-ante-emergenciasugel-04","status":"publish","type":"post","link":"https:\/\/ugel04.gob.pe\/home\/ugel-04-orienta-a-directivos-sobre-como-actuar-ante-emergenciasugel-04\/","title":{"rendered":"UGEL 04 ORIENTA A DIRECTIVOS SOBRE C\u00d3MO ACTUAR ANTE EMERGENCIASUGEL 04"},"content":{"rendered":"<div class=\"et_pb_section_0 et_pb_section et_section_regular et_flex_section\">\n<div class=\"et_pb_row_0 et_pb_row et_flex_row\">\n<div class=\"et_pb_column_0 et_pb_column et-last-child et_flex_column et_pb_css_mix_blend_mode_passthrough et_flex_column_24_24 et_flex_column_24_24_tablet et_flex_column_24_24_phone\">\n<div class=\"et_pb_text_0 et_pb_text et_pb_bg_layout_light et_pb_module et_flex_module\"><div class=\"et_pb_text_inner\"><p class=\"isSelectedEnd\"><strong>Especialistas de ASGESE de la UGEL 04 desarrollaron un taller dirigido a directores y responsables de Gesti\u00f3n del Riesgo de Desastres de las instituciones educativas, quienes recibieron orientaciones pr\u00e1cticas sobre las medidas que deben adoptar ante una situaci\u00f3n de peligro y c\u00f3mo reducir los riesgos en sus escuelas. La actividad cont\u00f3 tambi\u00e9n con la participaci\u00f3n de la Subgerencia de Gesti\u00f3n del Riesgo de Desastres de la Municipalidad de Puente Piedra, cuyos representantes brindaron recomendaciones a los asistentes sobre prevenci\u00f3n y respuesta ante posibles emergencias.<\/strong><\/p>\n<p class=\"isSelectedEnd\"><span>La especialista de la UGEL 04 explic\u00f3 c\u00f3mo identificar las zonas seguras y qu\u00e9 acciones deben implementarse para proteger a estudiantes, docentes y dem\u00e1s integrantes de la comunidad educativa. Asimismo, se brindaron pautas para actuar de manera organizada y oportuna ante posibles eventos asociados al <\/span><strong><span>Fen\u00f3meno El Ni\u00f1o<\/span><\/strong><span>.<\/span><\/p>\n<p><span>El taller se realiz\u00f3 en la <\/span><strong><span>I.E. N.\u00b0 2100 \u201cJuan Velasco Alvarado\u201d<\/span><\/strong><span> y tambi\u00e9n incluy\u00f3 pautas de soporte socioemocional para atender las necesidades que puedan presentarse antes, durante y despu\u00e9s de una emergencia. Esta actividad forma parte de las acciones de preparaci\u00f3n que impulsa la UGEL 04 para fortalecer la capacidad de respuesta de las instituciones educativas.<\/span><\/p>\n<\/div><\/div>\n<\/div>\n<\/div>\n<\/div>","protected":false},"excerpt":{"rendered":"","protected":false},"author":16,"featured_media":263172,"comment_status":"closed","ping_status":"closed","sticky":false,"template":"","format":"standard","meta":{"footnotes":""},"categories":[10],"tags":[],"class_list":["post-263171","post","type-post","status-publish","format-standard","has-post-thumbnail","hentry","category-noticias"],"_links":{"self":[{"href":"https:\/\/ugel04.gob.pe\/home\/wp-json\/wp\/v2\/posts\/263171","targetHints":{"allow":["GET"]}}],"collection":[{"href":"https:\/\/ugel04.gob.pe\/home\/wp-json\/wp\/v2\/posts"}],"about":[{"href":"https:\/\/ugel04.gob.pe\/home\/wp-json\/wp\/v2\/types\/post"}],"author":[{"embeddable":true,"href":"https:\/\/ugel04.gob.pe\/home\/wp-json\/wp\/v2\/users\/16"}],"replies":[{"embeddable":true,"href":"https:\/\/ugel04.gob.pe\/home\/wp-json\/wp\/v2\/comments?post=263171"}],"version-history":[{"count":3,"href":"https:\/\/ugel04.gob.pe\/home\/wp-json\/wp\/v2\/posts\/263171\/revisions"}],"predecessor-version":[{"id":263183,"href":"https:\/\/ugel04.gob.pe\/home\/wp-json\/wp\/v2\/posts\/263171\/revisions\/263183"}],"wp:featuredmedia":[{"embeddable":true,"href":"https:\/\/ugel04.gob.pe\/home\/wp-json\/wp\/v2\/media\/263172"}],"wp:attachment":[{"href":"https:\/\/ugel04.gob.pe\/home\/wp-json\/wp\/v2\/media?parent=263171"}],"wp:term":[{"taxonomy":"category","embeddable":true,"href":"https:\/\/ugel04.gob.pe\/home\/wp-json\/wp\/v2\/categories?post=263171"},{"taxonomy":"post_tag","embeddable":true,"href":"https:\/\/ugel04.gob.pe\/home\/wp-json\/wp\/v2\/tags?post=263171"}],"curies":[{"name":"wp","href":"https:\/\/api.w.org\/{rel}","templated":true}]}}