{"id":261771,"date":"2026-04-28T14:15:24","date_gmt":"2026-04-28T19:15:24","guid":{"rendered":"https:\/\/ugel04.gob.pe\/home\/?p=261771"},"modified":"2026-04-28T14:15:25","modified_gmt":"2026-04-28T19:15:25","slug":"alcaldes-escolares-de-colegios-publicos-se-reunen-para-fortalecer-su-liderazgo","status":"publish","type":"post","link":"https:\/\/ugel04.gob.pe\/home\/alcaldes-escolares-de-colegios-publicos-se-reunen-para-fortalecer-su-liderazgo\/","title":{"rendered":"ALCALDES ESCOLARES DE COLEGIOS P\u00daBLICOS SE RE\u00daNEN PARA FORTALECER SU LIDERAZGO"},"content":{"rendered":"<p>[et_pb_section fb_built=\u00bb1&#8243; theme_builder_area=\u00bbpost_content\u00bb _builder_version=\u00bb4.27.6&#8243; _module_preset=\u00bbdefault\u00bb da_is_popup=\u00bboff\u00bb da_exit_intent=\u00bboff\u00bb da_has_close=\u00bbon\u00bb da_alt_close=\u00bboff\u00bb da_dark_close=\u00bboff\u00bb da_not_modal=\u00bbon\u00bb da_is_singular=\u00bboff\u00bb da_with_loader=\u00bboff\u00bb da_has_shadow=\u00bbon\u00bb da_disable_devices=\u00bboff|off|off\u00bb][et_pb_row _builder_version=\u00bb4.27.6&#8243; _module_preset=\u00bbdefault\u00bb theme_builder_area=\u00bbpost_content\u00bb][et_pb_column _builder_version=\u00bb4.27.6&#8243; _module_preset=\u00bbdefault\u00bb type=\u00bb4_4&#8243; theme_builder_area=\u00bbpost_content\u00bb][et_pb_text _builder_version=\u00bb4.27.6&#8243; _module_preset=\u00bbdefault\u00bb theme_builder_area=\u00bbpost_content\u00bb hover_enabled=\u00bb0&#8243; sticky_enabled=\u00bb0&#8243;]<\/p>\n<p style=\"text-align: justify;\"><strong>Alcaldes de municipios escolares de instituciones educativas p\u00fablicas de Comas y Carabayllo participaron en la primera reuni\u00f3n descentralizada, orientada a fortalecer la participaci\u00f3n estudiantil y promover iniciativas ciudadanas en sus colegios. Esta actividad fue organizada por AGEBRE de la UGEL 04.<\/strong><\/p>\n<p style=\"text-align: justify;\">La jornada se desarroll\u00f3 en la I.E. 2100 Juan Velasco Alvarado, en el distrito de Comas. Durante el encuentro, los estudiantes recibieron una charla a cargo de especialistas de AGEBRE, quienes brindaron orientaci\u00f3n sobre la conformaci\u00f3n, funciones y normativa de los municipios escolares. Asimismo, se gener\u00f3 un espacio de di\u00e1logo para intercambiar experiencias y propuestas que aporten a la mejora de sus planes de trabajo.<\/p>\n<p style=\"text-align: justify;\">Este encuentro permiti\u00f3 reforzar el liderazgo estudiantil y fomentar el trabajo colaborativo entre los municipios escolares, impulsando acciones que contribuyan al desarrollo de sus comunidades educativas.<\/p>\n<p style=\"text-align: justify;\">La actividad continuar\u00e1 el 29 de abril en la I.E. Augusto B. Legu\u00eda, en Puente Piedra, con la participaci\u00f3n de instituciones educativas p\u00fablicas de Anc\u00f3n, Puente Piedra y Santa Rosa, dando continuidad a esta estrategia de fortalecimiento de la organizaci\u00f3n estudiantil en la jurisdicci\u00f3n de la UGEL 04.<\/p>\n<p style=\"text-align: justify;\">\n<p style=\"text-align: justify;\">[\/et_pb_text][\/et_pb_column][\/et_pb_row][\/et_pb_section]<\/p>\n","protected":false},"excerpt":{"rendered":"<p>Alcaldes de municipios escolares de instituciones educativas p\u00fablicas de Comas y Carabayllo participaron en la primera reuni\u00f3n descentralizada, orientada a fortalecer la participaci\u00f3n estudiantil y promover iniciativas ciudadanas en sus [&hellip;]<\/p>\n","protected":false},"author":16,"featured_media":261772,"comment_status":"closed","ping_status":"closed","sticky":false,"template":"","format":"standard","meta":{"_et_pb_use_builder":"on","_et_pb_old_content":"","_et_gb_content_width":"","footnotes":""},"categories":[10],"tags":[],"class_list":["post-261771","post","type-post","status-publish","format-standard","has-post-thumbnail","hentry","category-noticias"],"_links":{"self":[{"href":"https:\/\/ugel04.gob.pe\/home\/wp-json\/wp\/v2\/posts\/261771","targetHints":{"allow":["GET"]}}],"collection":[{"href":"https:\/\/ugel04.gob.pe\/home\/wp-json\/wp\/v2\/posts"}],"about":[{"href":"https:\/\/ugel04.gob.pe\/home\/wp-json\/wp\/v2\/types\/post"}],"author":[{"embeddable":true,"href":"https:\/\/ugel04.gob.pe\/home\/wp-json\/wp\/v2\/users\/16"}],"replies":[{"embeddable":true,"href":"https:\/\/ugel04.gob.pe\/home\/wp-json\/wp\/v2\/comments?post=261771"}],"version-history":[{"count":2,"href":"https:\/\/ugel04.gob.pe\/home\/wp-json\/wp\/v2\/posts\/261771\/revisions"}],"predecessor-version":[{"id":261775,"href":"https:\/\/ugel04.gob.pe\/home\/wp-json\/wp\/v2\/posts\/261771\/revisions\/261775"}],"wp:featuredmedia":[{"embeddable":true,"href":"https:\/\/ugel04.gob.pe\/home\/wp-json\/wp\/v2\/media\/261772"}],"wp:attachment":[{"href":"https:\/\/ugel04.gob.pe\/home\/wp-json\/wp\/v2\/media?parent=261771"}],"wp:term":[{"taxonomy":"category","embeddable":true,"href":"https:\/\/ugel04.gob.pe\/home\/wp-json\/wp\/v2\/categories?post=261771"},{"taxonomy":"post_tag","embeddable":true,"href":"https:\/\/ugel04.gob.pe\/home\/wp-json\/wp\/v2\/tags?post=261771"}],"curies":[{"name":"wp","href":"https:\/\/api.w.org\/{rel}","templated":true}]}}