{"id":261638,"date":"2026-04-09T15:47:55","date_gmt":"2026-04-09T20:47:55","guid":{"rendered":"https:\/\/ugel04.gob.pe\/home\/?p=261638"},"modified":"2026-04-09T15:47:56","modified_gmt":"2026-04-09T20:47:56","slug":"diris-lima-norte-en-articulacion-con-la-ugel-04-realiza-campana-de-salud-integral-por-el-dia-del-nino-peruano-en-comas","status":"publish","type":"post","link":"https:\/\/ugel04.gob.pe\/home\/diris-lima-norte-en-articulacion-con-la-ugel-04-realiza-campana-de-salud-integral-por-el-dia-del-nino-peruano-en-comas\/","title":{"rendered":"DIRIS LIMA NORTE, EN ARTICULACI\u00d3N CON LA UGEL 04, REALIZA CAMPA\u00d1A DE SALUD INTEGRAL POR EL D\u00cdA DEL NI\u00d1O PERUANO EN COMAS"},"content":{"rendered":"<p>[et_pb_section fb_built=\u00bb1&#8243; theme_builder_area=\u00bbpost_content\u00bb _builder_version=\u00bb4.27.6&#8243; _module_preset=\u00bbdefault\u00bb da_is_popup=\u00bboff\u00bb da_exit_intent=\u00bboff\u00bb da_has_close=\u00bbon\u00bb da_alt_close=\u00bboff\u00bb da_dark_close=\u00bboff\u00bb da_not_modal=\u00bbon\u00bb da_is_singular=\u00bboff\u00bb da_with_loader=\u00bboff\u00bb da_has_shadow=\u00bbon\u00bb da_disable_devices=\u00bboff|off|off\u00bb][et_pb_row _builder_version=\u00bb4.27.6&#8243; _module_preset=\u00bbdefault\u00bb theme_builder_area=\u00bbpost_content\u00bb][et_pb_column _builder_version=\u00bb4.27.6&#8243; _module_preset=\u00bbdefault\u00bb type=\u00bb4_4&#8243; theme_builder_area=\u00bbpost_content\u00bb][et_pb_text _builder_version=\u00bb4.27.6&#8243; _module_preset=\u00bbdefault\u00bb theme_builder_area=\u00bbpost_content\u00bb hover_enabled=\u00bb0&#8243; sticky_enabled=\u00bb0&#8243;]<\/p>\n<p><strong>La UGEL 04, en coordinaci\u00f3n con la DIRIS Lima Norte, desarroll\u00f3 una campa\u00f1a de salud integral en la instituci\u00f3n educativa inicial Santa Luzmila, en Comas, en el marco del D\u00eda del Ni\u00f1o Peruano, con el objetivo de promover el bienestar de ni\u00f1as y ni\u00f1os.<\/strong><\/p>\n<p>Durante la jornada, los menores, acompa\u00f1ados de sus padres, accedieron a servicios de medicina general, control de crecimiento y desarrollo, vacunaci\u00f3n, salud mental, salud bucal y salud ocular, adem\u00e1s de evaluaciones de detecci\u00f3n temprana auditiva, visual y del desarrollo psicomotor. Asimismo, los especialistas brindaron orientaci\u00f3n sobre alimentaci\u00f3n saludable, resaltando su importancia para el desarrollo f\u00edsico y cognitivo.<\/p>\n<p>La directora de la UGEL 04, Nelly Cunza Pr\u00edncipe, particip\u00f3 recorriendo los m\u00f3dulos de atenci\u00f3n junto a los profesionales de salud, supervisando el servicio brindado.<\/p>\n<p>Esta campa\u00f1a se replicar\u00e1 en otras instituciones educativas de la jurisdicci\u00f3n, beneficiando a ni\u00f1os desde su nacimiento hasta los 11 a\u00f1os, quienes tambi\u00e9n podr\u00e1n acceder a atenci\u00f3n integral en los establecimientos de salud.<\/p>\n<p>[\/et_pb_text][\/et_pb_column][\/et_pb_row][\/et_pb_section]<\/p>\n","protected":false},"excerpt":{"rendered":"<p>La UGEL 04, en coordinaci\u00f3n con la DIRIS Lima Norte, desarroll\u00f3 una campa\u00f1a de salud integral en la instituci\u00f3n educativa inicial Santa Luzmila, en Comas, en el marco del D\u00eda [&hellip;]<\/p>\n","protected":false},"author":16,"featured_media":261639,"comment_status":"closed","ping_status":"closed","sticky":false,"template":"","format":"standard","meta":{"_et_pb_use_builder":"on","_et_pb_old_content":"","_et_gb_content_width":"","footnotes":""},"categories":[10],"tags":[],"class_list":["post-261638","post","type-post","status-publish","format-standard","has-post-thumbnail","hentry","category-noticias"],"_links":{"self":[{"href":"https:\/\/ugel04.gob.pe\/home\/wp-json\/wp\/v2\/posts\/261638","targetHints":{"allow":["GET"]}}],"collection":[{"href":"https:\/\/ugel04.gob.pe\/home\/wp-json\/wp\/v2\/posts"}],"about":[{"href":"https:\/\/ugel04.gob.pe\/home\/wp-json\/wp\/v2\/types\/post"}],"author":[{"embeddable":true,"href":"https:\/\/ugel04.gob.pe\/home\/wp-json\/wp\/v2\/users\/16"}],"replies":[{"embeddable":true,"href":"https:\/\/ugel04.gob.pe\/home\/wp-json\/wp\/v2\/comments?post=261638"}],"version-history":[{"count":3,"href":"https:\/\/ugel04.gob.pe\/home\/wp-json\/wp\/v2\/posts\/261638\/revisions"}],"predecessor-version":[{"id":261643,"href":"https:\/\/ugel04.gob.pe\/home\/wp-json\/wp\/v2\/posts\/261638\/revisions\/261643"}],"wp:featuredmedia":[{"embeddable":true,"href":"https:\/\/ugel04.gob.pe\/home\/wp-json\/wp\/v2\/media\/261639"}],"wp:attachment":[{"href":"https:\/\/ugel04.gob.pe\/home\/wp-json\/wp\/v2\/media?parent=261638"}],"wp:term":[{"taxonomy":"category","embeddable":true,"href":"https:\/\/ugel04.gob.pe\/home\/wp-json\/wp\/v2\/categories?post=261638"},{"taxonomy":"post_tag","embeddable":true,"href":"https:\/\/ugel04.gob.pe\/home\/wp-json\/wp\/v2\/tags?post=261638"}],"curies":[{"name":"wp","href":"https:\/\/api.w.org\/{rel}","templated":true}]}}