{"id":261616,"date":"2026-04-09T10:39:03","date_gmt":"2026-04-09T15:39:03","guid":{"rendered":"https:\/\/ugel04.gob.pe\/home\/?p=261616"},"modified":"2026-04-09T10:39:20","modified_gmt":"2026-04-09T15:39:20","slug":"ugel-04-fortalece-educacion-inclusiva-mediante-articulacion-entre-servicios-especializados","status":"publish","type":"post","link":"https:\/\/ugel04.gob.pe\/home\/ugel-04-fortalece-educacion-inclusiva-mediante-articulacion-entre-servicios-especializados\/","title":{"rendered":"UGEL 04 FORTALECE EDUCACI\u00d3N INCLUSIVA MEDIANTE ARTICULACI\u00d3N ENTRE SERVICIOS ESPECIALIZADOS"},"content":{"rendered":"<p>[et_pb_section fb_built=\u00bb1&#8243; theme_builder_area=\u00bbpost_content\u00bb _builder_version=\u00bb4.27.6&#8243; _module_preset=\u00bbdefault\u00bb da_is_popup=\u00bboff\u00bb da_exit_intent=\u00bboff\u00bb da_has_close=\u00bbon\u00bb da_alt_close=\u00bboff\u00bb da_dark_close=\u00bboff\u00bb da_not_modal=\u00bbon\u00bb da_is_singular=\u00bboff\u00bb da_with_loader=\u00bboff\u00bb da_has_shadow=\u00bbon\u00bb da_disable_devices=\u00bboff|off|off\u00bb][et_pb_row _builder_version=\u00bb4.27.6&#8243; _module_preset=\u00bbdefault\u00bb theme_builder_area=\u00bbpost_content\u00bb][et_pb_column _builder_version=\u00bb4.27.6&#8243; _module_preset=\u00bbdefault\u00bb type=\u00bb4_4&#8243; theme_builder_area=\u00bbpost_content\u00bb][et_pb_text _builder_version=\u00bb4.27.6&#8243; _module_preset=\u00bbdefault\u00bb theme_builder_area=\u00bbpost_content\u00bb hover_enabled=\u00bb0&#8243; sticky_enabled=\u00bb0&#8243;]<\/p>\n<p style=\"text-align: justify;\"><strong>Con el objetivo de fortalecer la atenci\u00f3n a la<\/strong> <strong>diversidad en las instituciones educativas, los coordinadores del SAANEE y SAE Externo, junto a los directivos de los CEBE y la especialista de Educaci\u00f3n B\u00e1sica Especial (EBE) de la UGEL 04, desarrollaron una reuni\u00f3n de coordinaci\u00f3n y articulaci\u00f3n.<\/strong><\/p>\n<p style=\"text-align: justify;\"><strong><\/strong><\/p>\n<p style=\"text-align: justify;\">Durante el encuentro, se analizaron los marcos normativos de ambos servicios y se compartieron los lineamientos para su implementaci\u00f3n en el marco de la educaci\u00f3n inclusiva. Asimismo, se establecieron acuerdos orientados a optimizar la atenci\u00f3n educativa de los estudiantes de la jurisdicci\u00f3n.<\/p>\n<p style=\"text-align: justify;\">Esta iniciativa responde al compromiso de generar alianzas estrat\u00e9gicas que permitan unir esfuerzos y erradicar las barreras que limitan los aprendizajes, promoviendo as\u00ed una educaci\u00f3n m\u00e1s equitativa e inclusiva para todos.<\/p>\n<p>[\/et_pb_text][\/et_pb_column][\/et_pb_row][\/et_pb_section]<\/p>\n","protected":false},"excerpt":{"rendered":"<p>Con el objetivo de fortalecer la atenci\u00f3n a la diversidad en las instituciones educativas, los coordinadores del SAANEE y SAE Externo, junto a los directivos de los CEBE y la [&hellip;]<\/p>\n","protected":false},"author":16,"featured_media":261617,"comment_status":"closed","ping_status":"closed","sticky":false,"template":"","format":"standard","meta":{"_et_pb_use_builder":"on","_et_pb_old_content":"","_et_gb_content_width":"1080","footnotes":""},"categories":[10],"tags":[],"class_list":["post-261616","post","type-post","status-publish","format-standard","has-post-thumbnail","hentry","category-noticias"],"_links":{"self":[{"href":"https:\/\/ugel04.gob.pe\/home\/wp-json\/wp\/v2\/posts\/261616","targetHints":{"allow":["GET"]}}],"collection":[{"href":"https:\/\/ugel04.gob.pe\/home\/wp-json\/wp\/v2\/posts"}],"about":[{"href":"https:\/\/ugel04.gob.pe\/home\/wp-json\/wp\/v2\/types\/post"}],"author":[{"embeddable":true,"href":"https:\/\/ugel04.gob.pe\/home\/wp-json\/wp\/v2\/users\/16"}],"replies":[{"embeddable":true,"href":"https:\/\/ugel04.gob.pe\/home\/wp-json\/wp\/v2\/comments?post=261616"}],"version-history":[{"count":2,"href":"https:\/\/ugel04.gob.pe\/home\/wp-json\/wp\/v2\/posts\/261616\/revisions"}],"predecessor-version":[{"id":261620,"href":"https:\/\/ugel04.gob.pe\/home\/wp-json\/wp\/v2\/posts\/261616\/revisions\/261620"}],"wp:featuredmedia":[{"embeddable":true,"href":"https:\/\/ugel04.gob.pe\/home\/wp-json\/wp\/v2\/media\/261617"}],"wp:attachment":[{"href":"https:\/\/ugel04.gob.pe\/home\/wp-json\/wp\/v2\/media?parent=261616"}],"wp:term":[{"taxonomy":"category","embeddable":true,"href":"https:\/\/ugel04.gob.pe\/home\/wp-json\/wp\/v2\/categories?post=261616"},{"taxonomy":"post_tag","embeddable":true,"href":"https:\/\/ugel04.gob.pe\/home\/wp-json\/wp\/v2\/tags?post=261616"}],"curies":[{"name":"wp","href":"https:\/\/api.w.org\/{rel}","templated":true}]}}