{"id":261586,"date":"2026-04-08T15:36:34","date_gmt":"2026-04-08T20:36:34","guid":{"rendered":"https:\/\/ugel04.gob.pe\/home\/?p=261586"},"modified":"2026-04-08T15:36:35","modified_gmt":"2026-04-08T20:36:35","slug":"ugel-04-fortalece-la-educacion-inclusiva-con-innovacion-y-tecnologia","status":"publish","type":"post","link":"https:\/\/ugel04.gob.pe\/home\/ugel-04-fortalece-la-educacion-inclusiva-con-innovacion-y-tecnologia\/","title":{"rendered":"UGEL 04 FORTALECE LA EDUCACI\u00d3N INCLUSIVA CON INNOVACI\u00d3N Y TECNOLOG\u00cdA"},"content":{"rendered":"<p>[et_pb_section fb_built=\u00bb1&#8243; theme_builder_area=\u00bbpost_content\u00bb _builder_version=\u00bb4.27.6&#8243; _module_preset=\u00bbdefault\u00bb da_is_popup=\u00bboff\u00bb da_exit_intent=\u00bboff\u00bb da_has_close=\u00bbon\u00bb da_alt_close=\u00bboff\u00bb da_dark_close=\u00bboff\u00bb da_not_modal=\u00bbon\u00bb da_is_singular=\u00bboff\u00bb da_with_loader=\u00bboff\u00bb da_has_shadow=\u00bbon\u00bb da_disable_devices=\u00bboff|off|off\u00bb][et_pb_row _builder_version=\u00bb4.27.6&#8243; _module_preset=\u00bbdefault\u00bb theme_builder_area=\u00bbpost_content\u00bb][et_pb_column _builder_version=\u00bb4.27.6&#8243; _module_preset=\u00bbdefault\u00bb type=\u00bb4_4&#8243; theme_builder_area=\u00bbpost_content\u00bb][et_pb_text _builder_version=\u00bb4.27.6&#8243; _module_preset=\u00bbdefault\u00bb theme_builder_area=\u00bbpost_content\u00bb hover_enabled=\u00bb0&#8243; sticky_enabled=\u00bb0&#8243;]<\/p>\n<p style=\"text-align: justify;\"><strong>AGEBRE de la UGEL 04 convoc\u00f3 a 22 instituciones educativas p\u00fablicas focalizadas a participar en la asistencia t\u00e9cnica presencial denominada \u201cPresentaci\u00f3n e implementaci\u00f3n del Servicio de Apoyo Educativo (SAE), en el marco del fortalecimiento de la educaci\u00f3n inclusiva\u201d.<\/strong><\/p>\n<p style=\"text-align: justify;\">La capacitaci\u00f3n estuvo a cargo de la especialista Melissa Arag\u00f3n y cont\u00f3 con la participaci\u00f3n de directivos de los distritos de Comas, Carabayllo, Puente Piedra y Anc\u00f3n, quienes recibieron orientaciones para la adecuada implementaci\u00f3n del Servicio de Apoyo Educativo (SAE).<\/p>\n<p style=\"text-align: justify;\">Este servicio tiene como objetivo brindar una atenci\u00f3n pertinente, oportuna y de calidad, considerando las caracter\u00edsticas, ritmos y estilos de aprendizaje de cada estudiante. Asimismo, se destac\u00f3 que esta iniciativa promueve el enfoque de educaci\u00f3n inclusiva como eje prioritario en el desarrollo del a\u00f1o escolar 2026.<\/p>\n<p style=\"text-align: justify;\">Adem\u00e1s, se present\u00f3 un modelo innovador desarrollado por UNICEF llamado INCLUTEC, orientado a fortalecer la educaci\u00f3n inclusiva mediante el uso de herramientas tecnol\u00f3gicas basadas en inteligencia artificial. Esta propuesta permitir\u00e1 optimizar los procesos de identificaci\u00f3n, acompa\u00f1amiento y atenci\u00f3n de los estudiantes, contribuyendo a una educaci\u00f3n m\u00e1s equitativa y accesible para todos.<\/p>\n<p>[\/et_pb_text][\/et_pb_column][\/et_pb_row][\/et_pb_section]<\/p>\n","protected":false},"excerpt":{"rendered":"<p>AGEBRE de la UGEL 04 convoc\u00f3 a 22 instituciones educativas p\u00fablicas focalizadas a participar en la asistencia t\u00e9cnica presencial denominada \u201cPresentaci\u00f3n e implementaci\u00f3n del Servicio de Apoyo Educativo (SAE), en [&hellip;]<\/p>\n","protected":false},"author":16,"featured_media":261587,"comment_status":"closed","ping_status":"closed","sticky":false,"template":"","format":"standard","meta":{"_et_pb_use_builder":"on","_et_pb_old_content":"","_et_gb_content_width":"","footnotes":""},"categories":[10],"tags":[],"class_list":["post-261586","post","type-post","status-publish","format-standard","has-post-thumbnail","hentry","category-noticias"],"_links":{"self":[{"href":"https:\/\/ugel04.gob.pe\/home\/wp-json\/wp\/v2\/posts\/261586","targetHints":{"allow":["GET"]}}],"collection":[{"href":"https:\/\/ugel04.gob.pe\/home\/wp-json\/wp\/v2\/posts"}],"about":[{"href":"https:\/\/ugel04.gob.pe\/home\/wp-json\/wp\/v2\/types\/post"}],"author":[{"embeddable":true,"href":"https:\/\/ugel04.gob.pe\/home\/wp-json\/wp\/v2\/users\/16"}],"replies":[{"embeddable":true,"href":"https:\/\/ugel04.gob.pe\/home\/wp-json\/wp\/v2\/comments?post=261586"}],"version-history":[{"count":2,"href":"https:\/\/ugel04.gob.pe\/home\/wp-json\/wp\/v2\/posts\/261586\/revisions"}],"predecessor-version":[{"id":261590,"href":"https:\/\/ugel04.gob.pe\/home\/wp-json\/wp\/v2\/posts\/261586\/revisions\/261590"}],"wp:featuredmedia":[{"embeddable":true,"href":"https:\/\/ugel04.gob.pe\/home\/wp-json\/wp\/v2\/media\/261587"}],"wp:attachment":[{"href":"https:\/\/ugel04.gob.pe\/home\/wp-json\/wp\/v2\/media?parent=261586"}],"wp:term":[{"taxonomy":"category","embeddable":true,"href":"https:\/\/ugel04.gob.pe\/home\/wp-json\/wp\/v2\/categories?post=261586"},{"taxonomy":"post_tag","embeddable":true,"href":"https:\/\/ugel04.gob.pe\/home\/wp-json\/wp\/v2\/tags?post=261586"}],"curies":[{"name":"wp","href":"https:\/\/api.w.org\/{rel}","templated":true}]}}