{"id":261575,"date":"2026-04-07T15:46:46","date_gmt":"2026-04-07T20:46:46","guid":{"rendered":"https:\/\/ugel04.gob.pe\/home\/?p=261575"},"modified":"2026-04-07T15:49:01","modified_gmt":"2026-04-07T20:49:01","slug":"ugel-04-capacita-a-mas-de-120-docentes-pip-para-fortalecer-el-uso-de-las-tic-en-el-aula","status":"publish","type":"post","link":"https:\/\/ugel04.gob.pe\/home\/ugel-04-capacita-a-mas-de-120-docentes-pip-para-fortalecer-el-uso-de-las-tic-en-el-aula\/","title":{"rendered":"UGEL 04 CAPACITA A M\u00c1S DE 120 DOCENTES PIP PARA FORTALECER EL USO DE LAS TIC EN EL AULA"},"content":{"rendered":"<p>[et_pb_section fb_built=\u00bb1&#8243; theme_builder_area=\u00bbpost_content\u00bb _builder_version=\u00bb4.27.6&#8243; _module_preset=\u00bbdefault\u00bb da_is_popup=\u00bboff\u00bb da_exit_intent=\u00bboff\u00bb da_has_close=\u00bbon\u00bb da_alt_close=\u00bboff\u00bb da_dark_close=\u00bboff\u00bb da_not_modal=\u00bbon\u00bb da_is_singular=\u00bboff\u00bb da_with_loader=\u00bboff\u00bb da_has_shadow=\u00bbon\u00bb da_disable_devices=\u00bboff|off|off\u00bb][et_pb_row _builder_version=\u00bb4.27.6&#8243; _module_preset=\u00bbdefault\u00bb theme_builder_area=\u00bbpost_content\u00bb][et_pb_column _builder_version=\u00bb4.27.6&#8243; _module_preset=\u00bbdefault\u00bb type=\u00bb4_4&#8243; theme_builder_area=\u00bbpost_content\u00bb][et_pb_text _builder_version=\u00bb4.27.6&#8243; _module_preset=\u00bbdefault\u00bb theme_builder_area=\u00bbpost_content\u00bb hover_enabled=\u00bb0&#8243; sticky_enabled=\u00bb0&#8243;]<\/p>\n<p>La UGEL 04, a trav\u00e9s del \u00c1rea de Gesti\u00f3n de la Educaci\u00f3n B\u00e1sica Regular (AGEBRE), capacit\u00f3 a m\u00e1s de 120 docentes de Innovaci\u00f3n Pedag\u00f3gica (PIP) mediante talleres de Mantenimiento B\u00e1sico de Aulas de Innovaci\u00f3n, en los que participaron profesores de los distritos de Comas, Carabayllo, Anc\u00f3n y Puente Piedra.<\/p>\n<p>Estas acciones forman parte del inicio de las asistencias t\u00e9cnicas correspondientes al a\u00f1o lectivo 2026, orientadas a promover el uso e incorporaci\u00f3n de las Tecnolog\u00edas de la Informaci\u00f3n y Comunicaci\u00f3n (TIC) en el proceso pedag\u00f3gico de las instituciones educativas p\u00fablicas de la jurisdicci\u00f3n.<\/p>\n<p>Durante estas jornadas te\u00f3rico-pr\u00e1cticas, los participantes fortalecieron sus capacidades en el reconocimiento de los componentes de las computadoras, identificaci\u00f3n de fallas b\u00e1sicas, detecci\u00f3n de cables da\u00f1ados, as\u00ed como en el ensamblaje y desmontaje de equipos de c\u00f3mputo. Asimismo, los docentes resolvieron sus dudas, consolidando sus conocimientos para una mejor aplicaci\u00f3n en el aula.<\/p>\n<p>Los talleres se desarrollaron de manera descentralizada y ordenada en diversas sedes, permitiendo la participaci\u00f3n activa de los docentes y contribuyendo al fortalecimiento de sus competencias t\u00e9cnicas para la adecuada gesti\u00f3n y mantenimiento de las aulas de innovaci\u00f3n.<\/p>\n<p>[\/et_pb_text][\/et_pb_column][\/et_pb_row][\/et_pb_section]<\/p>\n","protected":false},"excerpt":{"rendered":"<p>La UGEL 04, a trav\u00e9s del \u00c1rea de Gesti\u00f3n de la Educaci\u00f3n B\u00e1sica Regular (AGEBRE), capacit\u00f3 a m\u00e1s de 120 docentes de Innovaci\u00f3n Pedag\u00f3gica (PIP) mediante talleres de Mantenimiento B\u00e1sico [&hellip;]<\/p>\n","protected":false},"author":16,"featured_media":261576,"comment_status":"closed","ping_status":"closed","sticky":false,"template":"","format":"standard","meta":{"_et_pb_use_builder":"on","_et_pb_old_content":"","_et_gb_content_width":"","footnotes":""},"categories":[10],"tags":[],"class_list":["post-261575","post","type-post","status-publish","format-standard","has-post-thumbnail","hentry","category-noticias"],"_links":{"self":[{"href":"https:\/\/ugel04.gob.pe\/home\/wp-json\/wp\/v2\/posts\/261575","targetHints":{"allow":["GET"]}}],"collection":[{"href":"https:\/\/ugel04.gob.pe\/home\/wp-json\/wp\/v2\/posts"}],"about":[{"href":"https:\/\/ugel04.gob.pe\/home\/wp-json\/wp\/v2\/types\/post"}],"author":[{"embeddable":true,"href":"https:\/\/ugel04.gob.pe\/home\/wp-json\/wp\/v2\/users\/16"}],"replies":[{"embeddable":true,"href":"https:\/\/ugel04.gob.pe\/home\/wp-json\/wp\/v2\/comments?post=261575"}],"version-history":[{"count":4,"href":"https:\/\/ugel04.gob.pe\/home\/wp-json\/wp\/v2\/posts\/261575\/revisions"}],"predecessor-version":[{"id":261582,"href":"https:\/\/ugel04.gob.pe\/home\/wp-json\/wp\/v2\/posts\/261575\/revisions\/261582"}],"wp:featuredmedia":[{"embeddable":true,"href":"https:\/\/ugel04.gob.pe\/home\/wp-json\/wp\/v2\/media\/261576"}],"wp:attachment":[{"href":"https:\/\/ugel04.gob.pe\/home\/wp-json\/wp\/v2\/media?parent=261575"}],"wp:term":[{"taxonomy":"category","embeddable":true,"href":"https:\/\/ugel04.gob.pe\/home\/wp-json\/wp\/v2\/categories?post=261575"},{"taxonomy":"post_tag","embeddable":true,"href":"https:\/\/ugel04.gob.pe\/home\/wp-json\/wp\/v2\/tags?post=261575"}],"curies":[{"name":"wp","href":"https:\/\/api.w.org\/{rel}","templated":true}]}}