{"id":260964,"date":"2026-01-05T13:49:48","date_gmt":"2026-01-05T18:49:48","guid":{"rendered":"https:\/\/ugel04.gob.pe\/home\/?p=260964"},"modified":"2026-01-05T13:49:49","modified_gmt":"2026-01-05T18:49:49","slug":"ugel-04-da-la-bienvenida-a-nuevos-especialistas-pedagogicos-de-agebre","status":"publish","type":"post","link":"https:\/\/ugel04.gob.pe\/home\/ugel-04-da-la-bienvenida-a-nuevos-especialistas-pedagogicos-de-agebre\/","title":{"rendered":"UGEL 04 DA LA BIENVENIDA A NUEVOS ESPECIALISTAS PEDAG\u00d3GICOS DE AGEBRE"},"content":{"rendered":"<p>[et_pb_section fb_built=\u00bb1&#8243; theme_builder_area=\u00bbpost_content\u00bb _builder_version=\u00bb4.27.4&#8243; _module_preset=\u00bbdefault\u00bb da_is_popup=\u00bboff\u00bb da_exit_intent=\u00bboff\u00bb da_has_close=\u00bbon\u00bb da_alt_close=\u00bboff\u00bb da_dark_close=\u00bboff\u00bb da_not_modal=\u00bbon\u00bb da_is_singular=\u00bboff\u00bb da_with_loader=\u00bboff\u00bb da_has_shadow=\u00bbon\u00bb da_disable_devices=\u00bboff|off|off\u00bb][et_pb_row _builder_version=\u00bb4.27.4&#8243; _module_preset=\u00bbdefault\u00bb theme_builder_area=\u00bbpost_content\u00bb][et_pb_column _builder_version=\u00bb4.27.4&#8243; _module_preset=\u00bbdefault\u00bb type=\u00bb4_4&#8243; theme_builder_area=\u00bbpost_content\u00bb][et_pb_text _builder_version=\u00bb4.27.4&#8243; _module_preset=\u00bbdefault\u00bb theme_builder_area=\u00bbpost_content\u00bb hover_enabled=\u00bb0&#8243; sticky_enabled=\u00bb0&#8243;]<\/p>\n<p><strong>La UGEL 04, a trav\u00e9s del \u00e1rea de AGEBRE, dio la bienvenida a seis nuevos especialistas pedag\u00f3gicos, seleccionados mediante concurso p\u00fablico y procesos de encargatura, en el marco de la Ley N.\u00b0 29944, Ley de la Carrera P\u00fablica Magisterial. Estos profesionales contribuir\u00e1n al fortalecimiento de la gesti\u00f3n educativa y al logro de los objetivos pedag\u00f3gicos en las instituciones educativas de nuestra jurisdicci\u00f3n.<\/strong><\/p>\n<p>El acto protocolar se realiz\u00f3 en la berma central de la avenida El Maestro Peruano y cont\u00f3 con la presencia de la directora de la UGEL 04, Nelly Cunza Pr\u00edncipe, junto a los jefes de \u00e1rea y el personal de la instituci\u00f3n, rindi\u00e9ndose honores a nuestros s\u00edmbolos patrios con el izamiento del Pabell\u00f3n Nacional y el canto del Himno Nacional.<\/p>\n<p>Durante la ceremonia, los nuevos especialistas fueron presentados y recibidos con el aplauso del personal de la UGEL 04. En su mensaje, la directora exhort\u00f3 a los nuevos integrantes a desempe\u00f1ar sus funciones con profesionalismo, \u00e9tica y compromiso con la educaci\u00f3n p\u00fablica. Asimismo, el jefe del \u00e1rea de AGEBRE, Jhony Ventura, destac\u00f3 la importancia del trabajo articulado para continuar fortaleciendo la calidad del servicio educativo.<\/p>\n<p>Especialistas incorporados:<\/p>\n<p>Manrique Ostos, Nelly \u2013 Educaci\u00f3n Inicial<\/p>\n<p>Huam\u00e1n Yllaconza, Erika Rosario \u2013 Educaci\u00f3n Inicial<\/p>\n<p>Mendoza Ripaz, Rosa Luz \u2013 Comunicaci\u00f3n<\/p>\n<p>Corcino Pari, Jorge Macario \u2013 Educaci\u00f3n Primaria<\/p>\n<p>Tecsi Tarco, Jenny \u2013 Educaci\u00f3n Primaria<\/p>\n<p>[\/et_pb_text][\/et_pb_column][\/et_pb_row][\/et_pb_section]<\/p>\n","protected":false},"excerpt":{"rendered":"<p>La UGEL 04, a trav\u00e9s del \u00e1rea de AGEBRE, dio la bienvenida a seis nuevos especialistas pedag\u00f3gicos, seleccionados mediante concurso p\u00fablico y procesos de encargatura, en el marco de la [&hellip;]<\/p>\n","protected":false},"author":1,"featured_media":260965,"comment_status":"closed","ping_status":"closed","sticky":false,"template":"","format":"standard","meta":{"_et_pb_use_builder":"on","_et_pb_old_content":"","_et_gb_content_width":"","footnotes":""},"categories":[10],"tags":[],"class_list":["post-260964","post","type-post","status-publish","format-standard","has-post-thumbnail","hentry","category-noticias"],"_links":{"self":[{"href":"https:\/\/ugel04.gob.pe\/home\/wp-json\/wp\/v2\/posts\/260964","targetHints":{"allow":["GET"]}}],"collection":[{"href":"https:\/\/ugel04.gob.pe\/home\/wp-json\/wp\/v2\/posts"}],"about":[{"href":"https:\/\/ugel04.gob.pe\/home\/wp-json\/wp\/v2\/types\/post"}],"author":[{"embeddable":true,"href":"https:\/\/ugel04.gob.pe\/home\/wp-json\/wp\/v2\/users\/1"}],"replies":[{"embeddable":true,"href":"https:\/\/ugel04.gob.pe\/home\/wp-json\/wp\/v2\/comments?post=260964"}],"version-history":[{"count":2,"href":"https:\/\/ugel04.gob.pe\/home\/wp-json\/wp\/v2\/posts\/260964\/revisions"}],"predecessor-version":[{"id":260967,"href":"https:\/\/ugel04.gob.pe\/home\/wp-json\/wp\/v2\/posts\/260964\/revisions\/260967"}],"wp:featuredmedia":[{"embeddable":true,"href":"https:\/\/ugel04.gob.pe\/home\/wp-json\/wp\/v2\/media\/260965"}],"wp:attachment":[{"href":"https:\/\/ugel04.gob.pe\/home\/wp-json\/wp\/v2\/media?parent=260964"}],"wp:term":[{"taxonomy":"category","embeddable":true,"href":"https:\/\/ugel04.gob.pe\/home\/wp-json\/wp\/v2\/categories?post=260964"},{"taxonomy":"post_tag","embeddable":true,"href":"https:\/\/ugel04.gob.pe\/home\/wp-json\/wp\/v2\/tags?post=260964"}],"curies":[{"name":"wp","href":"https:\/\/api.w.org\/{rel}","templated":true}]}}