{"id":260941,"date":"2025-12-26T12:26:33","date_gmt":"2025-12-26T17:26:33","guid":{"rendered":"https:\/\/ugel04.gob.pe\/home\/?p=260941"},"modified":"2025-12-26T12:26:34","modified_gmt":"2025-12-26T17:26:34","slug":"cetpro-juana-iris-cuadros-rivera-y-cetpro-promae-de-comas-graduan-a-estudiantes-y-fortalecen-la-educacion-tecnico-productiva-en-la-ugel-04","status":"publish","type":"post","link":"https:\/\/ugel04.gob.pe\/home\/cetpro-juana-iris-cuadros-rivera-y-cetpro-promae-de-comas-graduan-a-estudiantes-y-fortalecen-la-educacion-tecnico-productiva-en-la-ugel-04\/","title":{"rendered":"CETPRO JUANA IRIS CUADROS RIVERA Y CETPRO PROMAE DE COMAS GRAD\u00daAN A ESTUDIANTES Y FORTALECEN LA EDUCACI\u00d3N T\u00c9CNICO-PRODUCTIVA EN LA UGEL 04"},"content":{"rendered":"<p>[et_pb_section fb_built=\u00bb1&#8243; theme_builder_area=\u00bbpost_content\u00bb _builder_version=\u00bb4.27.4&#8243; _module_preset=\u00bbdefault\u00bb da_is_popup=\u00bboff\u00bb da_exit_intent=\u00bboff\u00bb da_has_close=\u00bbon\u00bb da_alt_close=\u00bboff\u00bb da_dark_close=\u00bboff\u00bb da_not_modal=\u00bbon\u00bb da_is_singular=\u00bboff\u00bb da_with_loader=\u00bboff\u00bb da_has_shadow=\u00bbon\u00bb da_disable_devices=\u00bboff|off|off\u00bb][et_pb_row _builder_version=\u00bb4.27.4&#8243; _module_preset=\u00bbdefault\u00bb theme_builder_area=\u00bbpost_content\u00bb custom_padding=\u00bb10px|||||\u00bb][et_pb_column _builder_version=\u00bb4.27.4&#8243; _module_preset=\u00bbdefault\u00bb type=\u00bb4_4&#8243; theme_builder_area=\u00bbpost_content\u00bb][et_pb_text _builder_version=\u00bb4.27.4&#8243; _module_preset=\u00bbdefault\u00bb theme_builder_area=\u00bbpost_content\u00bb hover_enabled=\u00bb0&#8243; sticky_enabled=\u00bb0&#8243; custom_padding=\u00bb0px|||||\u00bb]<\/p>\n<p style=\"text-align: justify;\">Los CETPRO Juana Iris Cuadros Rivera (Puente Piedra) y CETPRO PROMAE de Comas realizaron ceremonias de graduaci\u00f3n, en las que sus estudiantes recibieron certificados de m\u00f3dulos de Auxiliar T\u00e9cnico y T\u00e9cnico a nombre del Ministerio de Educaci\u00f3n, tras culminar satisfactoriamente su proceso formativo.<\/p>\n<p style=\"text-align: justify;\">Estas actividades reafirman el compromiso de la UGEL 04 con una educaci\u00f3n de calidad, orientada al desarrollo de competencias que permitan a los estudiantes mejorar sus oportunidades laborales y su crecimiento personal y profesional.<\/p>\n<p style=\"text-align: justify;\"><strong>CETPRO JUANA IRIS CUADROS RIVERA \u2013 PUENTE PIEDRA<\/strong><\/p>\n<p style=\"text-align: justify;\">M\u00e1s de 300 estudiantes del CETPRO Juana Iris Cuadros Rivera culminaron con \u00e9xito sus estudios y recibieron su certificaci\u00f3n oficial en una emotiva ceremonia realizada en su nueva sede institucional, ubicada en la II Etapa de la urbanizaci\u00f3n San Antonio de Carabayllo, moderna infraestructura de 4,320 m\u00b2.<\/p>\n<p style=\"text-align: justify;\">El evento cont\u00f3 con la presencia de la directora de la UGEL 04, Nelly Cunza Pr\u00edncipe, el jefe de AGEBATP, Roberto Zevallos, el director del CETPRO, Beato Arias, docentes, estudiantes y familiares. Los graduados concluyeron su formaci\u00f3n en las especialidades de <strong>Cocina, Panader\u00eda y Pasteler\u00eda, Mantenimiento de Sistemas El\u00e9ctricos, Patronaje y Fabricaci\u00f3n de Prendas de Vestir<\/strong>, en un ambiente de orgullo y emoci\u00f3n compartida.<\/p>\n<p style=\"text-align: justify;\"><strong>CETPRO PROMAE DE COMAS<\/strong><\/p>\n<p style=\"text-align: justify;\">De igual manera, el CETPRO PROMAE de Comas realiz\u00f3 la ceremonia de graduaci\u00f3n de sus estudiantes, quienes recibieron sus certificados de m\u00f3dulos de Auxiliar T\u00e9cnico y T\u00e9cnico a nombre del Ministerio de Educaci\u00f3n, tras culminar su formaci\u00f3n acad\u00e9mica.<\/p>\n<p style=\"text-align: justify;\">La actividad se desarroll\u00f3 en el auditorio de la instituci\u00f3n y estuvo presidida por la directora del CETPRO, Liz Mart\u00ednez, junto a su plana docente. Los estudiantes culminaron sus estudios en las especialidades de <strong>Peluquer\u00eda y Barber\u00eda, Computaci\u00f3n y Confecci\u00f3n Textil,<\/strong> acompa\u00f1ados por sus familiares, quienes felicitaron a los nuevos profesionales por este importante logro.<\/p>\n<p>[\/et_pb_text][\/et_pb_column][\/et_pb_row][\/et_pb_section]<\/p>\n","protected":false},"excerpt":{"rendered":"<p>Los CETPRO Juana Iris Cuadros Rivera (Puente Piedra) y CETPRO PROMAE de Comas realizaron ceremonias de graduaci\u00f3n, en las que sus estudiantes recibieron certificados de m\u00f3dulos de Auxiliar T\u00e9cnico y [&hellip;]<\/p>\n","protected":false},"author":1,"featured_media":260943,"comment_status":"closed","ping_status":"open","sticky":false,"template":"","format":"standard","meta":{"_et_pb_use_builder":"on","_et_pb_old_content":"","_et_gb_content_width":"1080","footnotes":""},"categories":[10],"tags":[],"class_list":["post-260941","post","type-post","status-publish","format-standard","has-post-thumbnail","hentry","category-noticias"],"_links":{"self":[{"href":"https:\/\/ugel04.gob.pe\/home\/wp-json\/wp\/v2\/posts\/260941","targetHints":{"allow":["GET"]}}],"collection":[{"href":"https:\/\/ugel04.gob.pe\/home\/wp-json\/wp\/v2\/posts"}],"about":[{"href":"https:\/\/ugel04.gob.pe\/home\/wp-json\/wp\/v2\/types\/post"}],"author":[{"embeddable":true,"href":"https:\/\/ugel04.gob.pe\/home\/wp-json\/wp\/v2\/users\/1"}],"replies":[{"embeddable":true,"href":"https:\/\/ugel04.gob.pe\/home\/wp-json\/wp\/v2\/comments?post=260941"}],"version-history":[{"count":2,"href":"https:\/\/ugel04.gob.pe\/home\/wp-json\/wp\/v2\/posts\/260941\/revisions"}],"predecessor-version":[{"id":260945,"href":"https:\/\/ugel04.gob.pe\/home\/wp-json\/wp\/v2\/posts\/260941\/revisions\/260945"}],"wp:featuredmedia":[{"embeddable":true,"href":"https:\/\/ugel04.gob.pe\/home\/wp-json\/wp\/v2\/media\/260943"}],"wp:attachment":[{"href":"https:\/\/ugel04.gob.pe\/home\/wp-json\/wp\/v2\/media?parent=260941"}],"wp:term":[{"taxonomy":"category","embeddable":true,"href":"https:\/\/ugel04.gob.pe\/home\/wp-json\/wp\/v2\/categories?post=260941"},{"taxonomy":"post_tag","embeddable":true,"href":"https:\/\/ugel04.gob.pe\/home\/wp-json\/wp\/v2\/tags?post=260941"}],"curies":[{"name":"wp","href":"https:\/\/api.w.org\/{rel}","templated":true}]}}