{"id":260913,"date":"2025-12-17T15:48:09","date_gmt":"2025-12-17T20:48:09","guid":{"rendered":"https:\/\/ugel04.gob.pe\/home\/?p=260913"},"modified":"2025-12-17T15:48:09","modified_gmt":"2025-12-17T20:48:09","slug":"ie-comercio-62-de-comas-inaugura-el-primer-boton-de-panico-escolar-de-lima-metropolitana","status":"publish","type":"post","link":"https:\/\/ugel04.gob.pe\/home\/ie-comercio-62-de-comas-inaugura-el-primer-boton-de-panico-escolar-de-lima-metropolitana\/","title":{"rendered":"IE COMERCIO 62 DE COMAS INAUGURA EL PRIMER BOT\u00d3N DE P\u00c1NICO ESCOLAR DE LIMA METROPOLITANA"},"content":{"rendered":"<p>[et_pb_section fb_built=\u00bb1&#8243; theme_builder_area=\u00bbpost_content\u00bb _builder_version=\u00bb4.27.4&#8243; _module_preset=\u00bbdefault\u00bb da_is_popup=\u00bboff\u00bb da_exit_intent=\u00bboff\u00bb da_has_close=\u00bbon\u00bb da_alt_close=\u00bboff\u00bb da_dark_close=\u00bboff\u00bb da_not_modal=\u00bbon\u00bb da_is_singular=\u00bboff\u00bb da_with_loader=\u00bboff\u00bb da_has_shadow=\u00bbon\u00bb da_disable_devices=\u00bboff|off|off\u00bb][et_pb_row _builder_version=\u00bb4.27.4&#8243; _module_preset=\u00bbdefault\u00bb theme_builder_area=\u00bbpost_content\u00bb][et_pb_column _builder_version=\u00bb4.27.4&#8243; _module_preset=\u00bbdefault\u00bb type=\u00bb4_4&#8243; theme_builder_area=\u00bbpost_content\u00bb][et_pb_text _builder_version=\u00bb4.27.4&#8243; _module_preset=\u00bbdefault\u00bb theme_builder_area=\u00bbpost_content\u00bb hover_enabled=\u00bb0&#8243; sticky_enabled=\u00bb0&#8243;]<\/p>\n<p><strong>Con el izamiento del Pabell\u00f3n Nacional \ud83c\uddf5\ud83c\uddea y el canto del Himno Nacional, la Instituci\u00f3n Educativa Comercio 62 \u201cAlmirante Miguel Grau\u201d, del distrito de Comas, fue escenario de un importante acto protocolar en favor de la seguridad escolar: la inauguraci\u00f3n del Bot\u00f3n de P\u00e1nico y la juramentaci\u00f3n del Comit\u00e9 Escolar de Gesti\u00f3n de Riesgo y Seguridad Ciudadana.<\/strong><\/p>\n<p><span>La ceremonia cont\u00f3 con la presencia de la Directora de la UGEL 04 Nelly Cunza Pr\u00edncipe, el director de la Direcci\u00f3n Regional de Educaci\u00f3n de Lima Metropolitana (DRELM), Marco Tupayachi; el coronel de la Polic\u00eda Nacional del Per\u00fa; el director de la IE Comercio 62; un representante del Ministerio del Interior, as\u00ed como autoridades locales, docentes y estudiantes.<\/span><\/p>\n<p><span>El Bot\u00f3n de P\u00e1nico es una herramienta digital de seguridad, que funciona a trav\u00e9s de un aplicativo instalado en un tel\u00e9fono celular. Este sistema permite enviar alertas inmediatas y geolocalizaci\u00f3n en tiempo real ante situaciones de riesgo, fortaleciendo la capacidad de respuesta oportuna. El aplicativo se encuentra articulado con la Comisar\u00eda PNP T\u00fapac Amaru de Comas, garantizando una acci\u00f3n r\u00e1pida y coordinada.<\/span><\/p>\n<p><span>Esta iniciativa forma parte de las acciones estrat\u00e9gicas de seguridad escolar impulsadas por la DRELM, en articulaci\u00f3n con la Polic\u00eda Nacional del Per\u00fa, y convierte a la IE Comercio 62 en la primera instituci\u00f3n educativa de Lima Metropolitana en implementar este sistema de protecci\u00f3n, con una aplicaci\u00f3n m\u00e1s amigable y accesible.<\/span><\/p>\n<p><span>Asimismo, durante el acto se realiz\u00f3 la juramentaci\u00f3n del Comit\u00e9 Escolar de Gesti\u00f3n de Riesgo y Seguridad Ciudadana, reafirmando el compromiso de la comunidad educativa con la prevenci\u00f3n, la convivencia pac\u00edfica y la protecci\u00f3n de estudiantes y personal educativo.<\/span><\/p>\n<p>[\/et_pb_text][\/et_pb_column][\/et_pb_row][\/et_pb_section]<\/p>\n","protected":false},"excerpt":{"rendered":"<p>Con el izamiento del Pabell\u00f3n Nacional \ud83c\uddf5\ud83c\uddea y el canto del Himno Nacional, la Instituci\u00f3n Educativa Comercio 62 \u201cAlmirante Miguel Grau\u201d, del distrito de Comas, fue escenario de un importante [&hellip;]<\/p>\n","protected":false},"author":1,"featured_media":260914,"comment_status":"closed","ping_status":"closed","sticky":false,"template":"","format":"standard","meta":{"_et_pb_use_builder":"on","_et_pb_old_content":"","_et_gb_content_width":"","footnotes":""},"categories":[10],"tags":[],"class_list":["post-260913","post","type-post","status-publish","format-standard","has-post-thumbnail","hentry","category-noticias"],"_links":{"self":[{"href":"https:\/\/ugel04.gob.pe\/home\/wp-json\/wp\/v2\/posts\/260913","targetHints":{"allow":["GET"]}}],"collection":[{"href":"https:\/\/ugel04.gob.pe\/home\/wp-json\/wp\/v2\/posts"}],"about":[{"href":"https:\/\/ugel04.gob.pe\/home\/wp-json\/wp\/v2\/types\/post"}],"author":[{"embeddable":true,"href":"https:\/\/ugel04.gob.pe\/home\/wp-json\/wp\/v2\/users\/1"}],"replies":[{"embeddable":true,"href":"https:\/\/ugel04.gob.pe\/home\/wp-json\/wp\/v2\/comments?post=260913"}],"version-history":[{"count":2,"href":"https:\/\/ugel04.gob.pe\/home\/wp-json\/wp\/v2\/posts\/260913\/revisions"}],"predecessor-version":[{"id":260916,"href":"https:\/\/ugel04.gob.pe\/home\/wp-json\/wp\/v2\/posts\/260913\/revisions\/260916"}],"wp:featuredmedia":[{"embeddable":true,"href":"https:\/\/ugel04.gob.pe\/home\/wp-json\/wp\/v2\/media\/260914"}],"wp:attachment":[{"href":"https:\/\/ugel04.gob.pe\/home\/wp-json\/wp\/v2\/media?parent=260913"}],"wp:term":[{"taxonomy":"category","embeddable":true,"href":"https:\/\/ugel04.gob.pe\/home\/wp-json\/wp\/v2\/categories?post=260913"},{"taxonomy":"post_tag","embeddable":true,"href":"https:\/\/ugel04.gob.pe\/home\/wp-json\/wp\/v2\/tags?post=260913"}],"curies":[{"name":"wp","href":"https:\/\/api.w.org\/{rel}","templated":true}]}}