{"id":260886,"date":"2025-12-16T09:44:17","date_gmt":"2025-12-16T14:44:17","guid":{"rendered":"https:\/\/ugel04.gob.pe\/home\/?p=260886"},"modified":"2025-12-16T09:44:18","modified_gmt":"2025-12-16T14:44:18","slug":"estudiantes-de-la-ugel-04-participan-en-el-ix-congreso-metropolitano","status":"publish","type":"post","link":"https:\/\/ugel04.gob.pe\/home\/estudiantes-de-la-ugel-04-participan-en-el-ix-congreso-metropolitano\/","title":{"rendered":"ESTUDIANTES DE LA UGEL 04 PARTICIPAN EN EL IX CONGRESO METROPOLITANO"},"content":{"rendered":"<p>[et_pb_section fb_built=\u00bb1&#8243; theme_builder_area=\u00bbpost_content\u00bb _builder_version=\u00bb4.27.4&#8243; _module_preset=\u00bbdefault\u00bb da_is_popup=\u00bboff\u00bb da_exit_intent=\u00bboff\u00bb da_has_close=\u00bbon\u00bb da_alt_close=\u00bboff\u00bb da_dark_close=\u00bboff\u00bb da_not_modal=\u00bbon\u00bb da_is_singular=\u00bboff\u00bb da_with_loader=\u00bboff\u00bb da_has_shadow=\u00bbon\u00bb da_disable_devices=\u00bboff|off|off\u00bb][et_pb_row _builder_version=\u00bb4.27.4&#8243; _module_preset=\u00bbdefault\u00bb theme_builder_area=\u00bbpost_content\u00bb][et_pb_column _builder_version=\u00bb4.27.4&#8243; _module_preset=\u00bbdefault\u00bb type=\u00bb4_4&#8243; theme_builder_area=\u00bbpost_content\u00bb][et_pb_text _builder_version=\u00bb4.27.4&#8243; _module_preset=\u00bbdefault\u00bb theme_builder_area=\u00bbpost_content\u00bb hover_enabled=\u00bb0&#8243; sticky_enabled=\u00bb0&#8243;]<\/p>\n<p><strong>Estudiantes l\u00edderes de las instituciones educativas pertenecientes a la UGEL 04 formaron parte del IX Congreso Metropolitano de Estudiantes, el principal espacio de participaci\u00f3n estudiantil de Lima Metropolitana, que reuni\u00f3 a cerca de mil representantes escolares de las siete UGEL con el objetivo de fortalecer la voz estudiantil y construir propuestas para el pr\u00f3ximo a\u00f1o.<\/strong><\/p>\n<p>Bajo el lema \u201cFrente a la violencia, j\u00f3venes con prop\u00f3sito\u201d, este importante encuentro permiti\u00f3 a las y los estudiantes reflexionar, dialogar y aportar ideas en torno a la prevenci\u00f3n de la violencia, el bienestar emocional, la salud sexual y reproductiva, y la promoci\u00f3n de una ciudadan\u00eda activa, reafirmando su compromiso con una convivencia escolar basada en el respeto y la participaci\u00f3n democr\u00e1tica.<\/p>\n<p>Durante la jornada, las y los estudiantes participaron activamente en los espacios de di\u00e1logo y construcci\u00f3n colectiva, contribuyendo a la elaboraci\u00f3n de una agenda metropolitana que recoge las principales necesidades, expectativas y propuestas del estudiantado. Asimismo, pudieron recorrer una feria informativa y de servicios, donde accedieron a informaci\u00f3n brindada por diversas instituciones aliadas como RENIEC Per\u00fa, Casa de la Literatura Peruana, IRTP, Ministerio de Trabajo y Promoci\u00f3n del Empleo, Ministerio de la Mujer y Poblaciones Vulnerables, DEVIDA Per\u00fa, Banco de Cr\u00e9dito BCP, Ministerio P\u00fablico, Ministerio del Interior, Pronabec \u2013 Minedu y el Programa Aprender sin Barreras de UNESCO Per\u00fa.<\/p>\n<p>El evento cont\u00f3 con la participaci\u00f3n de autoridades nacionales y del sector educaci\u00f3n, quienes destacaron el rol de las y los j\u00f3venes como agentes de cambio y los alentaron a creer en sus capacidades, ejercer una participaci\u00f3n responsable y tomar decisiones conscientes para su futuro.<\/p>\n<p>Desde la UGEL 04, se reconoce y valora la participaci\u00f3n activa de sus estudiantes l\u00edderes, reafirmando el compromiso institucional de seguir promoviendo espacios que fortalezcan la formaci\u00f3n ciudadana, el liderazgo juvenil y la construcci\u00f3n de una comunidad educativa m\u00e1s segura y participativa.<\/p>\n<p>[\/et_pb_text][\/et_pb_column][\/et_pb_row][\/et_pb_section]<\/p>\n","protected":false},"excerpt":{"rendered":"<p>Estudiantes l\u00edderes de las instituciones educativas pertenecientes a la UGEL 04 formaron parte del IX Congreso Metropolitano de Estudiantes, el principal espacio de participaci\u00f3n estudiantil de Lima Metropolitana, que reuni\u00f3 [&hellip;]<\/p>\n","protected":false},"author":1,"featured_media":260887,"comment_status":"closed","ping_status":"closed","sticky":false,"template":"","format":"standard","meta":{"_et_pb_use_builder":"on","_et_pb_old_content":"","_et_gb_content_width":"","footnotes":""},"categories":[10],"tags":[],"class_list":["post-260886","post","type-post","status-publish","format-standard","has-post-thumbnail","hentry","category-noticias"],"_links":{"self":[{"href":"https:\/\/ugel04.gob.pe\/home\/wp-json\/wp\/v2\/posts\/260886","targetHints":{"allow":["GET"]}}],"collection":[{"href":"https:\/\/ugel04.gob.pe\/home\/wp-json\/wp\/v2\/posts"}],"about":[{"href":"https:\/\/ugel04.gob.pe\/home\/wp-json\/wp\/v2\/types\/post"}],"author":[{"embeddable":true,"href":"https:\/\/ugel04.gob.pe\/home\/wp-json\/wp\/v2\/users\/1"}],"replies":[{"embeddable":true,"href":"https:\/\/ugel04.gob.pe\/home\/wp-json\/wp\/v2\/comments?post=260886"}],"version-history":[{"count":2,"href":"https:\/\/ugel04.gob.pe\/home\/wp-json\/wp\/v2\/posts\/260886\/revisions"}],"predecessor-version":[{"id":260889,"href":"https:\/\/ugel04.gob.pe\/home\/wp-json\/wp\/v2\/posts\/260886\/revisions\/260889"}],"wp:featuredmedia":[{"embeddable":true,"href":"https:\/\/ugel04.gob.pe\/home\/wp-json\/wp\/v2\/media\/260887"}],"wp:attachment":[{"href":"https:\/\/ugel04.gob.pe\/home\/wp-json\/wp\/v2\/media?parent=260886"}],"wp:term":[{"taxonomy":"category","embeddable":true,"href":"https:\/\/ugel04.gob.pe\/home\/wp-json\/wp\/v2\/categories?post=260886"},{"taxonomy":"post_tag","embeddable":true,"href":"https:\/\/ugel04.gob.pe\/home\/wp-json\/wp\/v2\/tags?post=260886"}],"curies":[{"name":"wp","href":"https:\/\/api.w.org\/{rel}","templated":true}]}}