{"id":260879,"date":"2025-12-15T16:38:04","date_gmt":"2025-12-15T21:38:04","guid":{"rendered":"https:\/\/ugel04.gob.pe\/home\/?p=260879"},"modified":"2025-12-15T16:38:04","modified_gmt":"2025-12-15T21:38:04","slug":"ugel-04-desarrolla-jornada-de-asistencia-tecnica-para-el-cierre-2025-y-organizacion-2026","status":"publish","type":"post","link":"https:\/\/ugel04.gob.pe\/home\/ugel-04-desarrolla-jornada-de-asistencia-tecnica-para-el-cierre-2025-y-organizacion-2026\/","title":{"rendered":"UGEL 04 DESARROLLA JORNADA DE ASISTENCIA T\u00c9CNICA PARA EL CIERRE 2025 Y ORGANIZACI\u00d3N 2026"},"content":{"rendered":"<p>[et_pb_section fb_built=\u00bb1&#8243; theme_builder_area=\u00bbpost_content\u00bb _builder_version=\u00bb4.27.4&#8243; _module_preset=\u00bbdefault\u00bb da_is_popup=\u00bboff\u00bb da_exit_intent=\u00bboff\u00bb da_has_close=\u00bbon\u00bb da_alt_close=\u00bboff\u00bb da_dark_close=\u00bboff\u00bb da_not_modal=\u00bbon\u00bb da_is_singular=\u00bboff\u00bb da_with_loader=\u00bboff\u00bb da_has_shadow=\u00bbon\u00bb da_disable_devices=\u00bboff|off|off\u00bb][et_pb_row _builder_version=\u00bb4.27.4&#8243; _module_preset=\u00bbdefault\u00bb theme_builder_area=\u00bbpost_content\u00bb][et_pb_column _builder_version=\u00bb4.27.4&#8243; _module_preset=\u00bbdefault\u00bb type=\u00bb4_4&#8243; theme_builder_area=\u00bbpost_content\u00bb][et_pb_text _builder_version=\u00bb4.27.4&#8243; _module_preset=\u00bbdefault\u00bb theme_builder_area=\u00bbpost_content\u00bb hover_enabled=\u00bb0&#8243; sticky_enabled=\u00bb0&#8243;]<\/p>\n<p><strong>Con el prop\u00f3sito de fortalecer la gesti\u00f3n pedag\u00f3gica y administrativa de las instituciones educativas p\u00fablicas, la UGEL 04 viene desarrollando, durante dos d\u00edas, una Asistencia T\u00e9cnica Presencial dirigida a directores, en la Instituci\u00f3n Educativa 2100 \u201cJuan Velasco Alvarado\u201d, ubicada en el distrito de Comas.<\/strong><\/p>\n<p><span>Esta jornada de trabajo tiene como finalidad brindar orientaciones claras y oportunas que permitan asegurar un cierre adecuado del A\u00f1o Escolar 2025 y una organizaci\u00f3n eficiente y normada del A\u00f1o Escolar 2026, en concordancia con la normativa vigente del Ministerio de Educaci\u00f3n.<\/span><\/p>\n<p><span>La asistencia t\u00e9cnica es desarrollada por los especialistas de AGEBRE y conto con la participaci\u00f3n de la directora de la UGEL 04, Nelly Cunza Pr\u00edncipe, as\u00ed como del jefe de AGEBRE, Jhony Ventura, quienes destacaron la importancia del liderazgo directivo para garantizar una gesti\u00f3n escolar eficiente, orientada a la mejora continua de los aprendizajes. Asimismo, los directores participantes absolvieron sus consultas, las cuales fueron atendidas y explicadas por los especialistas.<\/span><\/p>\n<p><strong>Durante el taller se vienen abordando los siguientes bloques tem\u00e1ticos:<\/strong><\/p>\n<p><span>Bloque I: Alcances de la Norma T\u00e9cnica del A\u00f1o Escolar 2026.<\/span><\/p>\n<p><span>Bloque II: Evaluaci\u00f3n formativa.<\/span><\/p>\n<p><span>Bloque III: Documentaci\u00f3n para la finalizaci\u00f3n del A\u00f1o Escolar 2025.<\/span><\/p>\n<p><span>Bloque IV: Presentaci\u00f3n del sistema SILACOM.<\/span><\/p>\n<p><strong>La asistencia t\u00e9cnica se desarrolla de manera diferenciada por niveles educativos, de acuerdo con el siguiente cronograma:<\/strong><\/p>\n<p><span>15 de diciembre de 2025<\/span><\/p>\n<ul>\n<li><span>De 8:30 a. m. a 12:30 p. m.: Directores de Educaci\u00f3n Primaria<\/span><\/li>\n<li><span>De 2:00 p. m. a 5:00 p. m.: Directores de Educaci\u00f3n Inicial y EBE<\/span><\/li>\n<\/ul>\n<p><span>16 de diciembre de 2025<\/span><\/p>\n<ul>\n<li><span>De 8:30 a. m. a 12:30 p. m.: Directores de Educaci\u00f3n Secundaria<\/span><\/li>\n<\/ul>\n<p>[\/et_pb_text][\/et_pb_column][\/et_pb_row][\/et_pb_section]<\/p>\n","protected":false},"excerpt":{"rendered":"<p>Con el prop\u00f3sito de fortalecer la gesti\u00f3n pedag\u00f3gica y administrativa de las instituciones educativas p\u00fablicas, la UGEL 04 viene desarrollando, durante dos d\u00edas, una Asistencia T\u00e9cnica Presencial dirigida a directores, [&hellip;]<\/p>\n","protected":false},"author":1,"featured_media":260880,"comment_status":"closed","ping_status":"open","sticky":false,"template":"","format":"standard","meta":{"_et_pb_use_builder":"on","_et_pb_old_content":"","_et_gb_content_width":"1080","footnotes":""},"categories":[10],"tags":[],"class_list":["post-260879","post","type-post","status-publish","format-standard","has-post-thumbnail","hentry","category-noticias"],"_links":{"self":[{"href":"https:\/\/ugel04.gob.pe\/home\/wp-json\/wp\/v2\/posts\/260879","targetHints":{"allow":["GET"]}}],"collection":[{"href":"https:\/\/ugel04.gob.pe\/home\/wp-json\/wp\/v2\/posts"}],"about":[{"href":"https:\/\/ugel04.gob.pe\/home\/wp-json\/wp\/v2\/types\/post"}],"author":[{"embeddable":true,"href":"https:\/\/ugel04.gob.pe\/home\/wp-json\/wp\/v2\/users\/1"}],"replies":[{"embeddable":true,"href":"https:\/\/ugel04.gob.pe\/home\/wp-json\/wp\/v2\/comments?post=260879"}],"version-history":[{"count":2,"href":"https:\/\/ugel04.gob.pe\/home\/wp-json\/wp\/v2\/posts\/260879\/revisions"}],"predecessor-version":[{"id":260883,"href":"https:\/\/ugel04.gob.pe\/home\/wp-json\/wp\/v2\/posts\/260879\/revisions\/260883"}],"wp:featuredmedia":[{"embeddable":true,"href":"https:\/\/ugel04.gob.pe\/home\/wp-json\/wp\/v2\/media\/260880"}],"wp:attachment":[{"href":"https:\/\/ugel04.gob.pe\/home\/wp-json\/wp\/v2\/media?parent=260879"}],"wp:term":[{"taxonomy":"category","embeddable":true,"href":"https:\/\/ugel04.gob.pe\/home\/wp-json\/wp\/v2\/categories?post=260879"},{"taxonomy":"post_tag","embeddable":true,"href":"https:\/\/ugel04.gob.pe\/home\/wp-json\/wp\/v2\/tags?post=260879"}],"curies":[{"name":"wp","href":"https:\/\/api.w.org\/{rel}","templated":true}]}}