{"id":260869,"date":"2025-12-12T15:56:20","date_gmt":"2025-12-12T20:56:20","guid":{"rendered":"https:\/\/ugel04.gob.pe\/home\/?p=260869"},"modified":"2025-12-12T15:56:20","modified_gmt":"2025-12-12T20:56:20","slug":"ugel-04-y-corte-superior-realizan-primera-feria-itinerante-educacion-en-derechos-en-la-i-e-estados-unidos","status":"publish","type":"post","link":"https:\/\/ugel04.gob.pe\/home\/ugel-04-y-corte-superior-realizan-primera-feria-itinerante-educacion-en-derechos-en-la-i-e-estados-unidos\/","title":{"rendered":"UGEL 04 Y CORTE SUPERIOR REALIZAN PRIMERA FERIA ITINERANTE \u201cEDUCACI\u00d3N EN DERECHOS\u201d EN LA I.E. ESTADOS UNIDOS"},"content":{"rendered":"<p>[et_pb_section fb_built=\u00bb1&#8243; theme_builder_area=\u00bbpost_content\u00bb _builder_version=\u00bb4.27.4&#8243; _module_preset=\u00bbdefault\u00bb da_is_popup=\u00bboff\u00bb da_exit_intent=\u00bboff\u00bb da_has_close=\u00bbon\u00bb da_alt_close=\u00bboff\u00bb da_dark_close=\u00bboff\u00bb da_not_modal=\u00bbon\u00bb da_is_singular=\u00bboff\u00bb da_with_loader=\u00bboff\u00bb da_has_shadow=\u00bbon\u00bb da_disable_devices=\u00bboff|off|off\u00bb][et_pb_row _builder_version=\u00bb4.27.4&#8243; _module_preset=\u00bbdefault\u00bb theme_builder_area=\u00bbpost_content\u00bb custom_padding=\u00bb15px|||||\u00bb][et_pb_column _builder_version=\u00bb4.27.4&#8243; _module_preset=\u00bbdefault\u00bb type=\u00bb4_4&#8243; theme_builder_area=\u00bbpost_content\u00bb][et_pb_text _builder_version=\u00bb4.27.4&#8243; _module_preset=\u00bbdefault\u00bb theme_builder_area=\u00bbpost_content\u00bb hover_enabled=\u00bb0&#8243; sticky_enabled=\u00bb0&#8243;]<\/p>\n<p style=\"text-align: justify;\"><strong>Con el prop\u00f3sito de acercar los servicios judiciales a la comunidad educativa y fortalecer el conocimiento de derechos en un entorno de acceso a la justicia, la UGEL 04, en conjunto con la Corte Superior de Justicia, realiz\u00f3 la 1.\u00aa Feria Itinerante \u201cEducaci\u00f3n en derechos: construyendo una escuela informada\u201d en la instituci\u00f3n educativa Estados Unidos, ubicada en el distrito de Comas.<\/strong><\/p>\n<p style=\"text-align: justify;\">La jornada incluy\u00f3 una charla informativa dirigida a los estudiantes de 1.\u00ba a 5.\u00ba grado de secundaria, quienes recibieron orientaci\u00f3n clara sobre sus derechos, responsabilidades y los canales de atenci\u00f3n en caso requieran apoyo o acompa\u00f1amiento jur\u00eddico.<\/p>\n<p style=\"text-align: justify;\">En representaci\u00f3n de la directora de la UGEL 04, particip\u00f3 el jefe de Asesor\u00eda Jur\u00eddica, Adolfo Quispichuco, quien destac\u00f3 la importancia de estas acciones articuladas para que los estudiantes conozcan y ejerzan sus derechos desde la escuela, fortaleciendo una convivencia democr\u00e1tica y segura.<\/p>\n<p style=\"text-align: justify;\">El evento se desarroll\u00f3 en el patio del plantel, donde se instalaron diversos stands informativos y de orientaci\u00f3n, permitiendo a los alumnos interactuar directamente con especialistas de distintas entidades. Entre los servicios presentes estuvieron el Cetpro PROMAE de Comas, el Centro de Salud, la Defensor\u00eda del Pueblo, y el Centro de Emergencia Mujer (CEM), quienes brindaron informaci\u00f3n sobre prevenci\u00f3n de la violencia, salud integral, rutas de denuncia, oportunidades de formaci\u00f3n y otros recursos disponibles para su bienestar.<\/p>\n<p>[\/et_pb_text][\/et_pb_column][\/et_pb_row][\/et_pb_section]<\/p>\n","protected":false},"excerpt":{"rendered":"<p>Con el prop\u00f3sito de acercar los servicios judiciales a la comunidad educativa y fortalecer el conocimiento de derechos en un entorno de acceso a la justicia, la UGEL 04, en [&hellip;]<\/p>\n","protected":false},"author":1,"featured_media":260870,"comment_status":"closed","ping_status":"open","sticky":false,"template":"","format":"standard","meta":{"_et_pb_use_builder":"on","_et_pb_old_content":"","_et_gb_content_width":"1080","footnotes":""},"categories":[10],"tags":[],"class_list":["post-260869","post","type-post","status-publish","format-standard","has-post-thumbnail","hentry","category-noticias"],"_links":{"self":[{"href":"https:\/\/ugel04.gob.pe\/home\/wp-json\/wp\/v2\/posts\/260869","targetHints":{"allow":["GET"]}}],"collection":[{"href":"https:\/\/ugel04.gob.pe\/home\/wp-json\/wp\/v2\/posts"}],"about":[{"href":"https:\/\/ugel04.gob.pe\/home\/wp-json\/wp\/v2\/types\/post"}],"author":[{"embeddable":true,"href":"https:\/\/ugel04.gob.pe\/home\/wp-json\/wp\/v2\/users\/1"}],"replies":[{"embeddable":true,"href":"https:\/\/ugel04.gob.pe\/home\/wp-json\/wp\/v2\/comments?post=260869"}],"version-history":[{"count":2,"href":"https:\/\/ugel04.gob.pe\/home\/wp-json\/wp\/v2\/posts\/260869\/revisions"}],"predecessor-version":[{"id":260873,"href":"https:\/\/ugel04.gob.pe\/home\/wp-json\/wp\/v2\/posts\/260869\/revisions\/260873"}],"wp:featuredmedia":[{"embeddable":true,"href":"https:\/\/ugel04.gob.pe\/home\/wp-json\/wp\/v2\/media\/260870"}],"wp:attachment":[{"href":"https:\/\/ugel04.gob.pe\/home\/wp-json\/wp\/v2\/media?parent=260869"}],"wp:term":[{"taxonomy":"category","embeddable":true,"href":"https:\/\/ugel04.gob.pe\/home\/wp-json\/wp\/v2\/categories?post=260869"},{"taxonomy":"post_tag","embeddable":true,"href":"https:\/\/ugel04.gob.pe\/home\/wp-json\/wp\/v2\/tags?post=260869"}],"curies":[{"name":"wp","href":"https:\/\/api.w.org\/{rel}","templated":true}]}}