{"id":260841,"date":"2025-12-05T16:13:29","date_gmt":"2025-12-05T21:13:29","guid":{"rendered":"https:\/\/ugel04.gob.pe\/home\/?p=260841"},"modified":"2025-12-05T16:15:10","modified_gmt":"2025-12-05T21:15:10","slug":"directivos-podran-registrar-sus-metas-de-atencion-hasta-el-19-de-diciembre","status":"publish","type":"post","link":"https:\/\/ugel04.gob.pe\/home\/directivos-podran-registrar-sus-metas-de-atencion-hasta-el-19-de-diciembre\/","title":{"rendered":"DIRECTIVOS PODR\u00c1N REGISTRAR SUS METAS DE ATENCI\u00d3N HASTA EL 19 DE DICIEMBRE"},"content":{"rendered":"\n[et_pb_section fb_built=\u00bb1&#8243; theme_builder_area=\u00bbpost_content\u00bb _builder_version=\u00bb4.27.4&#8243; _module_preset=\u00bbdefault\u00bb da_is_popup=\u00bboff\u00bb da_exit_intent=\u00bboff\u00bb da_has_close=\u00bbon\u00bb da_alt_close=\u00bboff\u00bb da_dark_close=\u00bboff\u00bb da_not_modal=\u00bbon\u00bb da_is_singular=\u00bboff\u00bb da_with_loader=\u00bboff\u00bb da_has_shadow=\u00bbon\u00bb da_disable_devices=\u00bboff|off|off\u00bb][et_pb_row _builder_version=\u00bb4.27.4&#8243; _module_preset=\u00bbdefault\u00bb theme_builder_area=\u00bbpost_content\u00bb][et_pb_column _builder_version=\u00bb4.27.4&#8243; _module_preset=\u00bbdefault\u00bb type=\u00bb4_4&#8243; theme_builder_area=\u00bbpost_content\u00bb][et_pb_text _builder_version=\u00bb4.27.4&#8243; _module_preset=\u00bbdefault\u00bb theme_builder_area=\u00bbpost_content\u00bb hover_enabled=\u00bb0&#8243; sticky_enabled=\u00bb0&#8243;]<p>El Ministerio de Educaci\u00f3n (Minedu) ha dado inicio al proceso de registro de metas de atenci\u00f3n, dirigido a directivos de instituciones educativas p\u00fablicas y privadas, quienes podr\u00e1n realizar este procedimiento del 4 al 19 de diciembre.<\/p>\n<p>Durante este periodo, tendr\u00e1n que ingresar al Sistema de Matr\u00edcula Digital (SMD) <a href=\"https:\/\/plataforma.matriculadigital.pe\/\">https:\/\/plataforma.matriculadigital.pe\/<\/a> \u00a0y completar la informaci\u00f3n de su instituci\u00f3n y las metas de atenci\u00f3n por cada una de sus aulas. Con estos datos, el sistema calcula autom\u00e1ticamente cu\u00e1ntas vacantes reales habr\u00e1 para el pr\u00f3ximo a\u00f1o escolar.<\/p>\n<p>Asimismo, es importante porque permite saber, con claridad, cu\u00e1ntas vacantes habr\u00e1 por grado y nivel, tomando en cuenta la diferencia entre la meta declarada y la matr\u00edcula actual que figura en el SIAGIE. Adem\u00e1s, responde a lo que indica la Ley N.\u00b0 32289, que exige publicar la informaci\u00f3n de las vacantes, especialmente aquellas destinadas a estudiantes con discapacidad.<\/p>\n<p>El Minedu convoca a los directores de las instituciones educativas a cumplir esta tarea con responsabilidad y objetividad, ya que permitir\u00e1 que las familias accedan a las vacantes en condiciones de equidad, inclusi\u00f3n y transparencia.<\/p>\n<p>Conoce c\u00f3mo efectuar este proceso en la Gu\u00eda para el Registro de Metas de Atenci\u00f3n en el sistema de Matr\u00edcula digital (SMD).<\/p>[\/et_pb_text][\/et_pb_column][\/et_pb_row][\/et_pb_section]\n","protected":false},"excerpt":{"rendered":"<p>El Ministerio de Educaci\u00f3n (Minedu) ha dado inicio al proceso de registro de metas de atenci\u00f3n, dirigido a directivos de instituciones educativas p\u00fablicas y privadas, quienes podr\u00e1n realizar este procedimiento [&hellip;]<\/p>\n","protected":false},"author":1,"featured_media":260843,"comment_status":"open","ping_status":"open","sticky":false,"template":"","format":"standard","meta":{"_et_pb_use_builder":"on","_et_pb_old_content":"","_et_gb_content_width":"1080","footnotes":""},"categories":[10],"tags":[],"class_list":["post-260841","post","type-post","status-publish","format-standard","has-post-thumbnail","hentry","category-noticias"],"_links":{"self":[{"href":"https:\/\/ugel04.gob.pe\/home\/wp-json\/wp\/v2\/posts\/260841","targetHints":{"allow":["GET"]}}],"collection":[{"href":"https:\/\/ugel04.gob.pe\/home\/wp-json\/wp\/v2\/posts"}],"about":[{"href":"https:\/\/ugel04.gob.pe\/home\/wp-json\/wp\/v2\/types\/post"}],"author":[{"embeddable":true,"href":"https:\/\/ugel04.gob.pe\/home\/wp-json\/wp\/v2\/users\/1"}],"replies":[{"embeddable":true,"href":"https:\/\/ugel04.gob.pe\/home\/wp-json\/wp\/v2\/comments?post=260841"}],"version-history":[{"count":3,"href":"https:\/\/ugel04.gob.pe\/home\/wp-json\/wp\/v2\/posts\/260841\/revisions"}],"predecessor-version":[{"id":260845,"href":"https:\/\/ugel04.gob.pe\/home\/wp-json\/wp\/v2\/posts\/260841\/revisions\/260845"}],"wp:featuredmedia":[{"embeddable":true,"href":"https:\/\/ugel04.gob.pe\/home\/wp-json\/wp\/v2\/media\/260843"}],"wp:attachment":[{"href":"https:\/\/ugel04.gob.pe\/home\/wp-json\/wp\/v2\/media?parent=260841"}],"wp:term":[{"taxonomy":"category","embeddable":true,"href":"https:\/\/ugel04.gob.pe\/home\/wp-json\/wp\/v2\/categories?post=260841"},{"taxonomy":"post_tag","embeddable":true,"href":"https:\/\/ugel04.gob.pe\/home\/wp-json\/wp\/v2\/tags?post=260841"}],"curies":[{"name":"wp","href":"https:\/\/api.w.org\/{rel}","templated":true}]}}