{"id":260777,"date":"2025-11-27T17:06:37","date_gmt":"2025-11-27T22:06:37","guid":{"rendered":"https:\/\/ugel04.gob.pe\/home\/?p=260777"},"modified":"2025-11-27T17:06:44","modified_gmt":"2025-11-27T22:06:44","slug":"con-grandes-ponencias-de-estudiantes-de-secundaria-concluye-ii-concurso-educativo-la-escuela-que-mas-lee","status":"publish","type":"post","link":"https:\/\/ugel04.gob.pe\/home\/con-grandes-ponencias-de-estudiantes-de-secundaria-concluye-ii-concurso-educativo-la-escuela-que-mas-lee\/","title":{"rendered":"CON GRANDES PONENCIAS DE ESTUDIANTES DE SECUNDARIA CONCLUYE II CONCURSO EDUCATIVO \u201cLA ESCUELA QUE M\u00c1S LEE\u201d"},"content":{"rendered":"<p>[et_pb_section fb_built=\u00bb1&#8243; theme_builder_area=\u00bbpost_content\u00bb _builder_version=\u00bb4.27.4&#8243; _module_preset=\u00bbdefault\u00bb da_is_popup=\u00bboff\u00bb da_exit_intent=\u00bboff\u00bb da_has_close=\u00bbon\u00bb da_alt_close=\u00bboff\u00bb da_dark_close=\u00bboff\u00bb da_not_modal=\u00bbon\u00bb da_is_singular=\u00bboff\u00bb da_with_loader=\u00bboff\u00bb da_has_shadow=\u00bbon\u00bb da_disable_devices=\u00bboff|off|off\u00bb][et_pb_row _builder_version=\u00bb4.27.4&#8243; _module_preset=\u00bbdefault\u00bb theme_builder_area=\u00bbpost_content\u00bb][et_pb_column _builder_version=\u00bb4.27.4&#8243; _module_preset=\u00bbdefault\u00bb type=\u00bb4_4&#8243; theme_builder_area=\u00bbpost_content\u00bb][et_pb_text _builder_version=\u00bb4.27.4&#8243; _module_preset=\u00bbdefault\u00bb theme_builder_area=\u00bbpost_content\u00bb hover_enabled=\u00bb0&#8243; sticky_enabled=\u00bb0&#8243;]<\/p>\n<p>Con excelentes ponencias y disertaciones dignas de elogio, concluy\u00f3 el II Concurso Educativo \u201cLa Escuela que m\u00e1s Lee\u201d organizado por la UGEL 04 a trav\u00e9s del grupo LEA de Agebre, teniendo como protagonistas de cierre a los estudiantes del nivel secundario pertenecientes a las escuelas p\u00fablicas de nuestra jurisdicci\u00f3n.<\/p>\n<p>Durante el evento desarrollado en el auditorio de la IE 2100 Juan Velasco Alvarado, escolares de 1\u00b0 y 2\u00b0 a\u00f1o de secundaria (Categor\u00eda E \u2013 6to ciclo); as\u00ed como, de 3\u00b0, 4\u00b0 y 5\u00b0 de secundaria (Categor\u00eda F \u2013 7mo ciclo), demostraron su gran capacidad de comprensi\u00f3n lectora, respondiendo preguntas basadas en la lectura previa de textos vinculados con el arte, la ciencia, la tecnolog\u00eda y la historia.<\/p>\n<p>La competencia que reuni\u00f3 a los estudiantes ganadores de la etapa REI del concurso, midi\u00f3 tambi\u00e9n aspectos como la oralidad, la interpretaci\u00f3n, el razonamiento y el desenvolvimiento en el escenario; los mismos, que fueron evaluados por un jurado compuesto por docentes especialistas en la materia, en rondas denominadas retos y s\u00faper retos.<\/p>\n<p>Cabe destacar, la participaci\u00f3n de los escolares, quienes, incentivados por sus docentes y tutores, demostraron sus grandes dotes interpretativas, de imaginaci\u00f3n y concentraci\u00f3n mental, evidenciando la gran fortaleza y aporte que viene brindando la estrategia LEA en las escuelas de nuestra jurisdicci\u00f3n, la cual incentiva la lectura permanente en las aulas a fin de mejorar la comprensi\u00f3n de textos por parte de los estudiantes.<\/p>\n<p>Al final de las pruebas, se dieron a conocer los tres primeros puestos de cada categor\u00eda, quienes recibir\u00e1n pr\u00f3ximamente sus respectivos certificados y medallas, como incentivo y recompensa a su destacada participaci\u00f3n<\/p>\n<p>Desde nuestra entidad felicitamos a los directivos, docentes tutores y estudiantes, por su \u00e9nfasis en la pr\u00e1ctica de la lectura. Es importante recordar siempre que: <strong>\u201cQuien hoy es un lector, ma\u00f1ana ser\u00e1 un l\u00edder\u201d.<\/strong><\/p>\n<p>[\/et_pb_text][\/et_pb_column][\/et_pb_row][\/et_pb_section]<\/p>\n","protected":false},"excerpt":{"rendered":"<p>Con excelentes ponencias y disertaciones dignas de elogio, concluy\u00f3 el II Concurso Educativo \u201cLa Escuela que m\u00e1s Lee\u201d organizado por la UGEL 04 a trav\u00e9s del grupo LEA de Agebre, [&hellip;]<\/p>\n","protected":false},"author":1,"featured_media":260778,"comment_status":"open","ping_status":"open","sticky":false,"template":"","format":"standard","meta":{"_et_pb_use_builder":"on","_et_pb_old_content":"","_et_gb_content_width":"1080","footnotes":""},"categories":[10],"tags":[],"class_list":["post-260777","post","type-post","status-publish","format-standard","has-post-thumbnail","hentry","category-noticias"],"_links":{"self":[{"href":"https:\/\/ugel04.gob.pe\/home\/wp-json\/wp\/v2\/posts\/260777","targetHints":{"allow":["GET"]}}],"collection":[{"href":"https:\/\/ugel04.gob.pe\/home\/wp-json\/wp\/v2\/posts"}],"about":[{"href":"https:\/\/ugel04.gob.pe\/home\/wp-json\/wp\/v2\/types\/post"}],"author":[{"embeddable":true,"href":"https:\/\/ugel04.gob.pe\/home\/wp-json\/wp\/v2\/users\/1"}],"replies":[{"embeddable":true,"href":"https:\/\/ugel04.gob.pe\/home\/wp-json\/wp\/v2\/comments?post=260777"}],"version-history":[{"count":2,"href":"https:\/\/ugel04.gob.pe\/home\/wp-json\/wp\/v2\/posts\/260777\/revisions"}],"predecessor-version":[{"id":260780,"href":"https:\/\/ugel04.gob.pe\/home\/wp-json\/wp\/v2\/posts\/260777\/revisions\/260780"}],"wp:featuredmedia":[{"embeddable":true,"href":"https:\/\/ugel04.gob.pe\/home\/wp-json\/wp\/v2\/media\/260778"}],"wp:attachment":[{"href":"https:\/\/ugel04.gob.pe\/home\/wp-json\/wp\/v2\/media?parent=260777"}],"wp:term":[{"taxonomy":"category","embeddable":true,"href":"https:\/\/ugel04.gob.pe\/home\/wp-json\/wp\/v2\/categories?post=260777"},{"taxonomy":"post_tag","embeddable":true,"href":"https:\/\/ugel04.gob.pe\/home\/wp-json\/wp\/v2\/tags?post=260777"}],"curies":[{"name":"wp","href":"https:\/\/api.w.org\/{rel}","templated":true}]}}