{"id":260766,"date":"2025-11-24T17:38:47","date_gmt":"2025-11-24T22:38:47","guid":{"rendered":"https:\/\/ugel04.gob.pe\/home\/?p=260766"},"modified":"2025-11-24T17:39:54","modified_gmt":"2025-11-24T22:39:54","slug":"fervorosa-participacion-de-servidores-en-ceremonia-de-entonacion-de-himno-nacional","status":"publish","type":"post","link":"https:\/\/ugel04.gob.pe\/home\/fervorosa-participacion-de-servidores-en-ceremonia-de-entonacion-de-himno-nacional\/","title":{"rendered":"FERVOROSA PARTICIPACI\u00d3N DE SERVIDORES EN CEREMONIA DE ENTONACI\u00d3N DE HIMNO NACIONAL"},"content":{"rendered":"<p>[et_pb_section fb_built=\u00bb1&#8243; theme_builder_area=\u00bbpost_content\u00bb _builder_version=\u00bb4.27.4&#8243; _module_preset=\u00bbdefault\u00bb da_is_popup=\u00bboff\u00bb da_exit_intent=\u00bboff\u00bb da_has_close=\u00bbon\u00bb da_alt_close=\u00bboff\u00bb da_dark_close=\u00bboff\u00bb da_not_modal=\u00bbon\u00bb da_is_singular=\u00bboff\u00bb da_with_loader=\u00bboff\u00bb da_has_shadow=\u00bbon\u00bb da_disable_devices=\u00bboff|off|off\u00bb][et_pb_row _builder_version=\u00bb4.27.4&#8243; _module_preset=\u00bbdefault\u00bb theme_builder_area=\u00bbpost_content\u00bb][et_pb_column _builder_version=\u00bb4.27.4&#8243; _module_preset=\u00bbdefault\u00bb type=\u00bb4_4&#8243; theme_builder_area=\u00bbpost_content\u00bb][et_pb_text _builder_version=\u00bb4.27.4&#8243; _module_preset=\u00bbdefault\u00bb theme_builder_area=\u00bbpost_content\u00bb hover_enabled=\u00bb0&#8243; sticky_enabled=\u00bb0&#8243;]<\/p>\n<p>El personal en pleno perteneciente a las tres sedes administrativas de la UGEL 04, liderados por nuestro director encargado Johnny Ventura Villa, participaron en la ceremonia c\u00edvica y de entonaci\u00f3n del Himno Nacional, en el terreno institucional recientemente recuperado, ubicado en la Urb. Santa Isolina, Comas.<\/p>\n<p>El evento, tambi\u00e9n sirvi\u00f3 de escenario para la exposici\u00f3n de los desaf\u00edos y logros de cada una de las \u00e1reas administrativas, a cargo de los funcionarios responsables, quienes coincidieron en se\u00f1alar que se encuentran encaminados y comprometidos con mejorar permanentemente su rol de servicio para contribuir al desarrollo social y educativo en Lima Norte.<\/p>\n<p>En este contexto, Johnny Villa expres\u00f3 que todos los trabajadores de la UGEL 04 tienen un rol protagonista en el logro de un est\u00e1ndar alto de la calidad de vida de la sociedad, \u201cEstamos en el sector educaci\u00f3n, donde somos actores clave en la generaci\u00f3n de aprendizajes de calidad, porque cada actividad que realizamos repercute en la atenci\u00f3n que puedan recibir nuestros estudiantes y por ende, es importante que actuemos con gran responsabilidad\u201d, se\u00f1al\u00f3.<\/p>\n<p>A su turno, el jefe de Asesor\u00eda Jur\u00eddica, invoc\u00f3 a los servidores p\u00fablicos de nuestra entidad a accionar con empat\u00eda y rapidez en los diversos tr\u00e1mites administrativos que realizan, evitando la burocracia, que suele retrasar muchas veces los procesos en perjuicio de los usuarios.<\/p>\n<p>Por su parte el jefe de Asgese, mencion\u00f3 que el presente 2025 ha sido un a\u00f1o desafiante en cuanto a los temas vinculados con la infraestructura, mantenimiento y otras necesidades de las escuelas, los cuales han sido atendidos en m\u00e1s del 90 por ciento, \u201cestamos trabajando arduamente para lograr la atenci\u00f3n a las demandas de nuestras escuelas al 100 por ciento, a fin de asegurar condiciones c\u00f3modas y seguras para los estudiantes de la jurisdicci\u00f3n\u201d, refiri\u00f3.<\/p>\n<p>De igual forma, el jefe de Agebatp, inform\u00f3 que de los 1450 adultos mayores con necesidades de aprendizaje detectados por el Minedu en nuestra jurisdicci\u00f3n, m\u00e1s de 500 reciben atenci\u00f3n pedag\u00f3gica; en tanto, los Cetpro bajo su mando se han ido potenciando con maquinaria y materiales requeridos para dotar a sus estudiantes de condiciones \u00f3ptimas que les permitan insertarse en el mercado laboral r\u00e1pidamente.<\/p>\n<p>Finalmente, el jefe de APP, se\u00f1al\u00f3 que con el trabajo denodado de su equipo, se ha planteado como meta en el presente a\u00f1o, ejecutar el 99 por ciento del presupuesto asignado a la UGEL 04, garantizando as\u00ed la atenci\u00f3n oportuna a las demandas de todas las \u00c1reas, para bien de los escolares.<\/p>\n<p><strong>A tener en cuenta<\/strong><\/p>\n<p>Con la finalidad de incentivar los valores c\u00edvicos y el amor a la patria, el 7 de noviembre del 2025, el gobierno central promulg\u00f3 el D.S. N\u00b0 127-2025-PCM, enmarcado dentro de la Ley N\u00b0 32251 QUE UNIFICA Y ARMONIZA LA REGULACI\u00d3N DE LOS S\u00cdMBOLOS DE LA PATRIA, S\u00cdMBOLOS DEL ESTADO Y EMBLEMAS NACIONALES, cuyo Art. 26 refiere sobre Obligaci\u00f3n de entonar el Himno Nacional: \u201cTodas las entidades del estado deber\u00e1n izar la bandera nacional y cantar el himno nacional, los lunes a las 8:00 am, con presencia de su m\u00e1xima autoridad\u201d.<\/p>\n<p>&nbsp;<\/p>\n<p>[\/et_pb_text][\/et_pb_column][\/et_pb_row][\/et_pb_section]<\/p>\n","protected":false},"excerpt":{"rendered":"<p>El personal en pleno perteneciente a las tres sedes administrativas de la UGEL 04, liderados por nuestro director encargado Johnny Ventura Villa, participaron en la ceremonia c\u00edvica y de entonaci\u00f3n [&hellip;]<\/p>\n","protected":false},"author":1,"featured_media":260767,"comment_status":"open","ping_status":"open","sticky":false,"template":"","format":"standard","meta":{"_et_pb_use_builder":"on","_et_pb_old_content":"","_et_gb_content_width":"1080","footnotes":""},"categories":[10],"tags":[],"class_list":["post-260766","post","type-post","status-publish","format-standard","has-post-thumbnail","hentry","category-noticias"],"_links":{"self":[{"href":"https:\/\/ugel04.gob.pe\/home\/wp-json\/wp\/v2\/posts\/260766","targetHints":{"allow":["GET"]}}],"collection":[{"href":"https:\/\/ugel04.gob.pe\/home\/wp-json\/wp\/v2\/posts"}],"about":[{"href":"https:\/\/ugel04.gob.pe\/home\/wp-json\/wp\/v2\/types\/post"}],"author":[{"embeddable":true,"href":"https:\/\/ugel04.gob.pe\/home\/wp-json\/wp\/v2\/users\/1"}],"replies":[{"embeddable":true,"href":"https:\/\/ugel04.gob.pe\/home\/wp-json\/wp\/v2\/comments?post=260766"}],"version-history":[{"count":2,"href":"https:\/\/ugel04.gob.pe\/home\/wp-json\/wp\/v2\/posts\/260766\/revisions"}],"predecessor-version":[{"id":260769,"href":"https:\/\/ugel04.gob.pe\/home\/wp-json\/wp\/v2\/posts\/260766\/revisions\/260769"}],"wp:featuredmedia":[{"embeddable":true,"href":"https:\/\/ugel04.gob.pe\/home\/wp-json\/wp\/v2\/media\/260767"}],"wp:attachment":[{"href":"https:\/\/ugel04.gob.pe\/home\/wp-json\/wp\/v2\/media?parent=260766"}],"wp:term":[{"taxonomy":"category","embeddable":true,"href":"https:\/\/ugel04.gob.pe\/home\/wp-json\/wp\/v2\/categories?post=260766"},{"taxonomy":"post_tag","embeddable":true,"href":"https:\/\/ugel04.gob.pe\/home\/wp-json\/wp\/v2\/tags?post=260766"}],"curies":[{"name":"wp","href":"https:\/\/api.w.org\/{rel}","templated":true}]}}