{"id":260733,"date":"2025-11-20T18:05:51","date_gmt":"2025-11-20T23:05:51","guid":{"rendered":"https:\/\/ugel04.gob.pe\/home\/?p=260733"},"modified":"2025-11-20T18:06:25","modified_gmt":"2025-11-20T23:06:25","slug":"ii-feria-de-matematica-de-nivel-inicial-en-carabayllo-y-santa-rosa","status":"publish","type":"post","link":"https:\/\/ugel04.gob.pe\/home\/ii-feria-de-matematica-de-nivel-inicial-en-carabayllo-y-santa-rosa\/","title":{"rendered":"II FERIA DE MATEM\u00c1TICA DE NIVEL INICIAL EN CARABAYLLO Y SANTA ROSA"},"content":{"rendered":"<p>[et_pb_section fb_built=\u00bb1&#8243; theme_builder_area=\u00bbpost_content\u00bb _builder_version=\u00bb4.27.4&#8243; _module_preset=\u00bbdefault\u00bb da_is_popup=\u00bboff\u00bb da_exit_intent=\u00bboff\u00bb da_has_close=\u00bbon\u00bb da_alt_close=\u00bboff\u00bb da_dark_close=\u00bboff\u00bb da_not_modal=\u00bbon\u00bb da_is_singular=\u00bboff\u00bb da_with_loader=\u00bboff\u00bb da_has_shadow=\u00bbon\u00bb da_disable_devices=\u00bboff|off|off\u00bb][et_pb_row _builder_version=\u00bb4.27.4&#8243; _module_preset=\u00bbdefault\u00bb theme_builder_area=\u00bbpost_content\u00bb][et_pb_column _builder_version=\u00bb4.27.4&#8243; _module_preset=\u00bbdefault\u00bb type=\u00bb4_4&#8243; theme_builder_area=\u00bbpost_content\u00bb][et_pb_text _builder_version=\u00bb4.27.4&#8243; _module_preset=\u00bbdefault\u00bb theme_builder_area=\u00bbpost_content\u00bb hover_enabled=\u00bb0&#8243; sticky_enabled=\u00bb0&#8243;]<\/p>\n<p>En un ambiente colorido en la que participaron las diversas REI de Carabayllo, Santa Rosa y Anc\u00f3n, se llev\u00f3 a cabo la II Feria de Matem\u00e1ticas del nivel inicial organizada por la UGEL 04; un evento que permiti\u00f3 a las IEI pertenecientes a las redes 7,8,9, 10, 11, 12, 13 y 14, exponer sus estrategias pedag\u00f3gicas para el desarrollo de las competencias de esta materia acad\u00e9mica.<\/p>\n<p>En este contexto, el personal directivo y docente de cada jard\u00edn de inicial presente, recre\u00f3 junto a sus estudiantes las estrategias vinculadas a la resoluci\u00f3n de problemas de cantidad, de forma, de movimiento y de localizaci\u00f3n, que se desarrollan en las aulas, permitiendo la comprensi\u00f3n de las matem\u00e1ticas basadas en el juego.<\/p>\n<p>Para el efecto, las IEI de las REI 7, 8 y 9, pertenecientes a Anc\u00f3n y Santa Rosa, evidenciaron sus materiales y desarrollaron sus estrategias en estands instalados en la explanada del frontis de la municipalidad de Santa Rosa; en tanto que, las IEI de las redes de la 10 a la 14, hicieron lo propio en el campo deportivo de la escuela bicentenario Virgen de F\u00e1tima ubicada en la zona de El Progreso, Carabayllo;<\/p>\n<p>Durante la ceremonia oficial del evento, la directora Nelly Cunza y el jefe de AGEBATP, expresaron su felicitaci\u00f3n y satisfacci\u00f3n por el gran trabajo que viene desarrollando el personal directivo, docente y auxiliar del nivel inicial, coadyuvando al logro de mejoras visibles en el aprendizaje de los m\u00e1s peque\u00f1os.<\/p>\n<p>Cabe destacar, que la II Feria de Matem\u00e1ticas de Inicial, forma parte de la pol\u00edtica educativa regional 1, Instituciones educativas que aseguran aprendizajes, el cual tiene como objetivo: Asegurar que los estudiantes obtengan los conocimientos y habilidades necesarios, para potenciar su camino al \u00e9xito.<\/p>\n<p>[\/et_pb_text][\/et_pb_column][\/et_pb_row][\/et_pb_section]<\/p>\n","protected":false},"excerpt":{"rendered":"<p>En un ambiente colorido en la que participaron las diversas REI de Carabayllo, Santa Rosa y Anc\u00f3n, se llev\u00f3 a cabo la II Feria de Matem\u00e1ticas del nivel inicial organizada [&hellip;]<\/p>\n","protected":false},"author":1,"featured_media":260734,"comment_status":"open","ping_status":"open","sticky":false,"template":"","format":"standard","meta":{"_et_pb_use_builder":"on","_et_pb_old_content":"","_et_gb_content_width":"1080","footnotes":""},"categories":[10],"tags":[],"class_list":["post-260733","post","type-post","status-publish","format-standard","has-post-thumbnail","hentry","category-noticias"],"_links":{"self":[{"href":"https:\/\/ugel04.gob.pe\/home\/wp-json\/wp\/v2\/posts\/260733","targetHints":{"allow":["GET"]}}],"collection":[{"href":"https:\/\/ugel04.gob.pe\/home\/wp-json\/wp\/v2\/posts"}],"about":[{"href":"https:\/\/ugel04.gob.pe\/home\/wp-json\/wp\/v2\/types\/post"}],"author":[{"embeddable":true,"href":"https:\/\/ugel04.gob.pe\/home\/wp-json\/wp\/v2\/users\/1"}],"replies":[{"embeddable":true,"href":"https:\/\/ugel04.gob.pe\/home\/wp-json\/wp\/v2\/comments?post=260733"}],"version-history":[{"count":2,"href":"https:\/\/ugel04.gob.pe\/home\/wp-json\/wp\/v2\/posts\/260733\/revisions"}],"predecessor-version":[{"id":260736,"href":"https:\/\/ugel04.gob.pe\/home\/wp-json\/wp\/v2\/posts\/260733\/revisions\/260736"}],"wp:featuredmedia":[{"embeddable":true,"href":"https:\/\/ugel04.gob.pe\/home\/wp-json\/wp\/v2\/media\/260734"}],"wp:attachment":[{"href":"https:\/\/ugel04.gob.pe\/home\/wp-json\/wp\/v2\/media?parent=260733"}],"wp:term":[{"taxonomy":"category","embeddable":true,"href":"https:\/\/ugel04.gob.pe\/home\/wp-json\/wp\/v2\/categories?post=260733"},{"taxonomy":"post_tag","embeddable":true,"href":"https:\/\/ugel04.gob.pe\/home\/wp-json\/wp\/v2\/tags?post=260733"}],"curies":[{"name":"wp","href":"https:\/\/api.w.org\/{rel}","templated":true}]}}