{"id":260722,"date":"2025-11-19T14:45:07","date_gmt":"2025-11-19T19:45:07","guid":{"rendered":"https:\/\/ugel04.gob.pe\/home\/?p=260722"},"modified":"2025-11-19T14:45:07","modified_gmt":"2025-11-19T19:45:07","slug":"ugel-04-impulsa-acciones-para-eliminacion-de-violencia-sexual-infantil","status":"publish","type":"post","link":"https:\/\/ugel04.gob.pe\/home\/ugel-04-impulsa-acciones-para-eliminacion-de-violencia-sexual-infantil\/","title":{"rendered":"UGEL 04 impulsa acciones para  Eliminaci\u00f3n de  Violencia Sexual Infantil"},"content":{"rendered":"<p>[et_pb_section fb_built=\u00bb1&#8243; theme_builder_area=\u00bbpost_content\u00bb _builder_version=\u00bb4.27.4&#8243; _module_preset=\u00bbdefault\u00bb da_is_popup=\u00bboff\u00bb da_exit_intent=\u00bboff\u00bb da_has_close=\u00bbon\u00bb da_alt_close=\u00bboff\u00bb da_dark_close=\u00bboff\u00bb da_not_modal=\u00bbon\u00bb da_is_singular=\u00bboff\u00bb da_with_loader=\u00bboff\u00bb da_has_shadow=\u00bbon\u00bb da_disable_devices=\u00bboff|off|off\u00bb][et_pb_row _builder_version=\u00bb4.27.4&#8243; _module_preset=\u00bbdefault\u00bb theme_builder_area=\u00bbpost_content\u00bb][et_pb_column _builder_version=\u00bb4.27.4&#8243; _module_preset=\u00bbdefault\u00bb type=\u00bb4_4&#8243; theme_builder_area=\u00bbpost_content\u00bb][et_pb_text _builder_version=\u00bb4.27.4&#8243; _module_preset=\u00bbdefault\u00bb theme_builder_area=\u00bbpost_content\u00bb hover_enabled=\u00bb0&#8243; sticky_enabled=\u00bb0&#8243;]<\/p>\n<p><strong>La UGEL 04, mediante el Programa Presupuestal 1002 \u2013 Prevenci\u00f3n de la Violencia contra la Mujer, se suma a la conmemoraci\u00f3n del D\u00eda Mundial para la Prevenci\u00f3n del Abuso Sexual de Ni\u00f1os, Ni\u00f1as y Adolescentes y del D\u00eda Nacional de la Eliminaci\u00f3n de la Violencia Sexual contra Ni\u00f1as, Ni\u00f1os y Adolescentes.<\/strong><strong><\/strong><\/p>\n<p>La violencia sexual contra menores es una de las formas de violencia con mayor crecimiento en el pa\u00eds. Las principales v\u00edctimas son ni\u00f1as y adolescentes entre 12 y 17 a\u00f1os, quienes suelen enfrentar agresiones en entornos cercanos. Las consecuencias afectan su salud emocional, social y f\u00edsica, poniendo en riesgo su desarrollo integral.<\/p>\n<p data-start=\"1000\" data-end=\"1181\">Como parte de su intervenci\u00f3n, la UGEL 04 ejecuta acciones en 15 instituciones educativas de nivel primaria, enfocadas en fortalecer el bienestar de los estudiantes a trav\u00e9s de:<\/p>\n<ul data-start=\"1183\" data-end=\"1418\">\n<li data-start=\"1183\" data-end=\"1285\">\n<p data-start=\"1185\" data-end=\"1285\">Talleres de habilidades socioemocionales, para desarrollar competencias personales y sociales.<\/p>\n<\/li>\n<li data-start=\"1286\" data-end=\"1418\">\n<p data-start=\"1288\" data-end=\"1418\">Programas y actividades preventivas, orientadas a reducir el acoso escolar y la violencia sexual durante las horas de tutor\u00eda<\/p>\n<p><span>De esta manera, se busca crear entornos escolares seguros y libres de violencia para el desarrollo pleno de nuestros ni\u00f1os y ni\u00f1as.<\/span><\/p>\n<\/li>\n<\/ul>\n<p>[\/et_pb_text][\/et_pb_column][\/et_pb_row][\/et_pb_section]<\/p>\n","protected":false},"excerpt":{"rendered":"<p>La UGEL 04, mediante el Programa Presupuestal 1002 \u2013 Prevenci\u00f3n de la Violencia contra la Mujer, se suma a la conmemoraci\u00f3n del D\u00eda Mundial para la Prevenci\u00f3n del Abuso Sexual [&hellip;]<\/p>\n","protected":false},"author":1,"featured_media":260724,"comment_status":"closed","ping_status":"closed","sticky":false,"template":"","format":"standard","meta":{"_et_pb_use_builder":"on","_et_pb_old_content":"","_et_gb_content_width":"","footnotes":""},"categories":[10],"tags":[],"class_list":["post-260722","post","type-post","status-publish","format-standard","has-post-thumbnail","hentry","category-noticias"],"_links":{"self":[{"href":"https:\/\/ugel04.gob.pe\/home\/wp-json\/wp\/v2\/posts\/260722","targetHints":{"allow":["GET"]}}],"collection":[{"href":"https:\/\/ugel04.gob.pe\/home\/wp-json\/wp\/v2\/posts"}],"about":[{"href":"https:\/\/ugel04.gob.pe\/home\/wp-json\/wp\/v2\/types\/post"}],"author":[{"embeddable":true,"href":"https:\/\/ugel04.gob.pe\/home\/wp-json\/wp\/v2\/users\/1"}],"replies":[{"embeddable":true,"href":"https:\/\/ugel04.gob.pe\/home\/wp-json\/wp\/v2\/comments?post=260722"}],"version-history":[{"count":2,"href":"https:\/\/ugel04.gob.pe\/home\/wp-json\/wp\/v2\/posts\/260722\/revisions"}],"predecessor-version":[{"id":260726,"href":"https:\/\/ugel04.gob.pe\/home\/wp-json\/wp\/v2\/posts\/260722\/revisions\/260726"}],"wp:featuredmedia":[{"embeddable":true,"href":"https:\/\/ugel04.gob.pe\/home\/wp-json\/wp\/v2\/media\/260724"}],"wp:attachment":[{"href":"https:\/\/ugel04.gob.pe\/home\/wp-json\/wp\/v2\/media?parent=260722"}],"wp:term":[{"taxonomy":"category","embeddable":true,"href":"https:\/\/ugel04.gob.pe\/home\/wp-json\/wp\/v2\/categories?post=260722"},{"taxonomy":"post_tag","embeddable":true,"href":"https:\/\/ugel04.gob.pe\/home\/wp-json\/wp\/v2\/tags?post=260722"}],"curies":[{"name":"wp","href":"https:\/\/api.w.org\/{rel}","templated":true}]}}