{"id":260708,"date":"2025-11-17T16:27:07","date_gmt":"2025-11-17T21:27:07","guid":{"rendered":"https:\/\/ugel04.gob.pe\/home\/?p=260708"},"modified":"2025-11-17T16:27:13","modified_gmt":"2025-11-17T21:27:13","slug":"servidores-de-ugel-04-fortalecen-identidad-nacional-en-ceremonia-civica-patriotica","status":"publish","type":"post","link":"https:\/\/ugel04.gob.pe\/home\/servidores-de-ugel-04-fortalecen-identidad-nacional-en-ceremonia-civica-patriotica\/","title":{"rendered":"SERVIDORES DE UGEL 04 FORTALECEN IDENTIDAD NACIONAL EN CEREMONIA C\u00cdVICA PATRI\u00d3TICA"},"content":{"rendered":"<p>[et_pb_section fb_built=\u00bb1&#8243; theme_builder_area=\u00bbpost_content\u00bb _builder_version=\u00bb4.27.4&#8243; _module_preset=\u00bbdefault\u00bb da_is_popup=\u00bboff\u00bb da_exit_intent=\u00bboff\u00bb da_has_close=\u00bbon\u00bb da_alt_close=\u00bboff\u00bb da_dark_close=\u00bboff\u00bb da_not_modal=\u00bbon\u00bb da_is_singular=\u00bboff\u00bb da_with_loader=\u00bboff\u00bb da_has_shadow=\u00bbon\u00bb da_disable_devices=\u00bboff|off|off\u00bb][et_pb_row _builder_version=\u00bb4.27.4&#8243; _module_preset=\u00bbdefault\u00bb theme_builder_area=\u00bbpost_content\u00bb][et_pb_column _builder_version=\u00bb4.27.4&#8243; _module_preset=\u00bbdefault\u00bb type=\u00bb4_4&#8243; theme_builder_area=\u00bbpost_content\u00bb][et_pb_text _builder_version=\u00bb4.27.4&#8243; _module_preset=\u00bbdefault\u00bb theme_builder_area=\u00bbpost_content\u00bb hover_enabled=\u00bb0&#8243; sticky_enabled=\u00bb0&#8243;]<\/p>\n<p>Con gran emoci\u00f3n y j\u00fabilo patr\u00f3tico, los servidores p\u00fablicos de la UGEL 04, liderados por la directora Nelly Cunza Pr\u00edncipe, en compa\u00f1\u00eda de escoltas y delegaciones pertenecientes a diversas instituciones educativas de nuestra jurisdicci\u00f3n, participaron en la ceremonia de izamiento de la bandera peruana y entonaci\u00f3n del Himno Nacional, en la alameda de la Av. El Maestro Peruano, cuadra 3, Comas.<\/p>\n<p>Durante la actividad c\u00edvica, en la que estuvo presente la directora de Gesti\u00f3n Pedag\u00f3gica de la Direcci\u00f3n Regional de Educaci\u00f3n de Lima Metropolitana, Gladys Guerra, nuestra directora Nelly Cunza, destac\u00f3 la importancia de renovar nuestro patriotismo y compromiso permanente ante Dios y ante el pa\u00eds, para construir una sociedad m\u00e1s justa y m\u00e1s equitativa.<\/p>\n<p>\u201cA partir de hoy, todos los d\u00edas lunes repetiremos esta acci\u00f3n a fin de rendir un justo tributo a nuestros s\u00edmbolos patrios. Porque de esta manera tambi\u00e9n reafirmaremos nuestra responsabilidad con nuestros compatriotas y fortaleceremos nuestra vocaci\u00f3n para servir correctamente a la comunidad educativa\u201d, manifest\u00f3 Cunza Pr\u00edncipe.<\/p>\n<p>Cabe destacar la asistencia de las delegaciones y escoltas de las IIEE: 8162 San Eulogio, Estados Unidos, Luis Braille, 2033 Nuestra Se\u00f1ora de F\u00e1tima y 2048 Jos\u00e9 Carlos Mari\u00e1tegui, pertenecientes a la jurisdicci\u00f3n de Comas, que con su presencia engalanaron la cita y compartieron el fervor c\u00edvico patr\u00f3tico desplegado.<\/p>\n<p>Tras la culminaci\u00f3n de la ceremonia oficial, el director regional de educaci\u00f3n de Lima Metropolitana, Marcos Tupayachi, felicit\u00f3 a la UGEL 04 por el cumplimiento de la directiva enmanada por el gobierno v\u00eda D.S. N\u00b0 127-2025-PCM, en lo concerniente al fortalecimiento de la identidad nacional.<\/p>\n<p>\u201cEn nuestro rol de maestros, la identidad fluye por el amor que brindamos a nuestros s\u00edmbolos. Esta actividad nos reafirma la convicci\u00f3n de que podemos doblegar a cualquier adversidad en el pa\u00eds. Gracias por su compromiso con la patria y por su gran responsabilidad con el pa\u00eds\u201d, sentenci\u00f3.<\/p>\n<p><strong>A tener en cuenta<\/strong><\/p>\n<p>Con la finalidad de incentivar los valores c\u00edvicos y el amor a la patria, el 7 de noviembre del 2025, el gobierno central promulg\u00f3 el D.S. N\u00b0 127-2025-PCM, enmarcado dentro de la Ley N\u00b0 32251 <span>QUE UNIFICA Y ARMONIZA LA REGULACI\u00d3N DE LOS S\u00cdMBOLOS DE LA PATRIA, S\u00cdMBOLOS DEL ESTADO Y EMBLEMAS NACIONALES, cuyo Art. 26 refiere sobre Obligaci\u00f3n de entonar el Himno Nacional: \u201cTodas las entidades del estado deber\u00e1n izar la bandera nacional y cantar el himno nacional, los lunes a las 8:00 am, con presencia de su m\u00e1xima autoridad\u201d. <\/span><\/p>\n<p>[\/et_pb_text][\/et_pb_column][\/et_pb_row][\/et_pb_section]<\/p>\n","protected":false},"excerpt":{"rendered":"<p>Con gran emoci\u00f3n y j\u00fabilo patr\u00f3tico, los servidores p\u00fablicos de la UGEL 04, liderados por la directora Nelly Cunza Pr\u00edncipe, en compa\u00f1\u00eda de escoltas y delegaciones pertenecientes a diversas instituciones [&hellip;]<\/p>\n","protected":false},"author":1,"featured_media":260709,"comment_status":"open","ping_status":"open","sticky":false,"template":"","format":"standard","meta":{"_et_pb_use_builder":"on","_et_pb_old_content":"","_et_gb_content_width":"1080","footnotes":""},"categories":[10],"tags":[],"class_list":["post-260708","post","type-post","status-publish","format-standard","has-post-thumbnail","hentry","category-noticias"],"_links":{"self":[{"href":"https:\/\/ugel04.gob.pe\/home\/wp-json\/wp\/v2\/posts\/260708","targetHints":{"allow":["GET"]}}],"collection":[{"href":"https:\/\/ugel04.gob.pe\/home\/wp-json\/wp\/v2\/posts"}],"about":[{"href":"https:\/\/ugel04.gob.pe\/home\/wp-json\/wp\/v2\/types\/post"}],"author":[{"embeddable":true,"href":"https:\/\/ugel04.gob.pe\/home\/wp-json\/wp\/v2\/users\/1"}],"replies":[{"embeddable":true,"href":"https:\/\/ugel04.gob.pe\/home\/wp-json\/wp\/v2\/comments?post=260708"}],"version-history":[{"count":2,"href":"https:\/\/ugel04.gob.pe\/home\/wp-json\/wp\/v2\/posts\/260708\/revisions"}],"predecessor-version":[{"id":260711,"href":"https:\/\/ugel04.gob.pe\/home\/wp-json\/wp\/v2\/posts\/260708\/revisions\/260711"}],"wp:featuredmedia":[{"embeddable":true,"href":"https:\/\/ugel04.gob.pe\/home\/wp-json\/wp\/v2\/media\/260709"}],"wp:attachment":[{"href":"https:\/\/ugel04.gob.pe\/home\/wp-json\/wp\/v2\/media?parent=260708"}],"wp:term":[{"taxonomy":"category","embeddable":true,"href":"https:\/\/ugel04.gob.pe\/home\/wp-json\/wp\/v2\/categories?post=260708"},{"taxonomy":"post_tag","embeddable":true,"href":"https:\/\/ugel04.gob.pe\/home\/wp-json\/wp\/v2\/tags?post=260708"}],"curies":[{"name":"wp","href":"https:\/\/api.w.org\/{rel}","templated":true}]}}