{"id":260660,"date":"2025-11-14T12:22:01","date_gmt":"2025-11-14T17:22:01","guid":{"rendered":"https:\/\/ugel04.gob.pe\/home\/?p=260660"},"modified":"2025-11-14T13:28:06","modified_gmt":"2025-11-14T18:28:06","slug":"se-entregan-certificados-a-directivos-y-docentes-de-eba-y-etp-que-aprobaron-programa-de-especializacion","status":"publish","type":"post","link":"https:\/\/ugel04.gob.pe\/home\/se-entregan-certificados-a-directivos-y-docentes-de-eba-y-etp-que-aprobaron-programa-de-especializacion\/","title":{"rendered":"SE ENTREGAN CERTIFICADOS A DIRECTIVOS Y DOCENTES DE EBA Y ETP QUE APROBARON PROGRAMA DE ESPECIALIZACI\u00d3N"},"content":{"rendered":"<p>[et_pb_section fb_built=\u00bb1&#8243; _builder_version=\u00bb4.27.4&#8243; _module_preset=\u00bbdefault\u00bb da_disable_devices=\u00bboff|off|off\u00bb global_colors_info=\u00bb{}\u00bb da_is_popup=\u00bboff\u00bb da_exit_intent=\u00bboff\u00bb da_has_close=\u00bbon\u00bb da_alt_close=\u00bboff\u00bb da_dark_close=\u00bboff\u00bb da_not_modal=\u00bbon\u00bb da_is_singular=\u00bboff\u00bb da_with_loader=\u00bboff\u00bb da_has_shadow=\u00bbon\u00bb][et_pb_row _builder_version=\u00bb4.27.4&#8243; _module_preset=\u00bbdefault\u00bb hover_enabled=\u00bb0&#8243; global_colors_info=\u00bb{}\u00bb sticky_enabled=\u00bb0&#8243;][et_pb_column type=\u00bb4_4&#8243; _builder_version=\u00bb4.27.4&#8243; _module_preset=\u00bbdefault\u00bb global_colors_info=\u00bb{}\u00bb][et_pb_text _builder_version=\u00bb4.27.4&#8243; _module_preset=\u00bbdefault\u00bb global_colors_info=\u00bb{}\u00bb]<\/p>\n<p>En una ceremonia llena de emotividad y j\u00fabilo de los asistentes, se realizo la entrega de certificados a los directivos y profesores que aprobaron el Programa de Especializaci\u00f3n de Formaci\u00f3n Docente en Servicio \u2013 AGEBATP, desarrollado en convenio con la Universidad C\u00e9sar Vallejo el a\u00f1o 2024.<\/p>\n<p>Durante el evento, 172 maestros pertenecientes a la EBA y ETP, recibieron de manos de la directora de la UGEL 04 Nelly Cunza Pr\u00edncipe, sus certificados de capacitaci\u00f3n por 384 horas lectivas, en las tem\u00e1ticas correspondientes a: \u201cGesti\u00f3n Pedag\u00f3gica en Educaci\u00f3n T\u00e9cnica Productiva\u201d y \u201cProgramaci\u00f3n Curricular en \u00a0Educaci\u00f3n B\u00e1sica Alternativa\u201d.<\/p>\n<p>Previa a la entrega de los documentos, la titular de nuestra entidad resalt\u00f3 la participaci\u00f3n, perseverancia y sacrificio de los directivos y docentes beneficiarios del programa, la cual abonar\u00e1 a favor de los estudiantes, \u201cEBA y CETPRO\u00a0 acojen a cientos y hasta miles de estudiantes que desertan de la EBR, por m\u00faltiples factores. Para ellos, ustedes son su esperanza y el camino para lograr su desarrollo en la sociedad. Con este tipo de capacitaciones seguro que ustedes estar\u00e1n a la altura de sus expectativas y gratizar\u00e1n que sus anhelos se cumplan\u201d, sentenci\u00f3 Cunza Pr\u00edncipe.<\/p>\n<p>Cabe destacar que, el Programa de Formaci\u00f3n Docente se desarroll\u00f3 entre los meses de febrero y noviembre del 2024, como parte de la pol\u00edtica educativa de mejora continua y gesti\u00f3n del conocimiento, destinada a mejorar la calidad de la educaci\u00f3n, desde un proceso de actualizaci\u00f3n y fortalecimiento de las competencias de docentes, directivos, coordinadores de REI y especialistas.<\/p>\n<p>[\/et_pb_text][\/et_pb_column][\/et_pb_row][\/et_pb_section]<\/p>\n","protected":false},"excerpt":{"rendered":"<p>En una ceremonia llena de emotividad y j\u00fabilo de los asistentes, se realizo la entrega de certificados a los directivos y profesores que aprobaron el Programa de Especializaci\u00f3n de Formaci\u00f3n [&hellip;]<\/p>\n","protected":false},"author":1,"featured_media":260661,"comment_status":"open","ping_status":"open","sticky":false,"template":"","format":"standard","meta":{"_et_pb_use_builder":"on","_et_pb_old_content":"","_et_gb_content_width":"1080","footnotes":""},"categories":[10],"tags":[],"class_list":["post-260660","post","type-post","status-publish","format-standard","has-post-thumbnail","hentry","category-noticias"],"_links":{"self":[{"href":"https:\/\/ugel04.gob.pe\/home\/wp-json\/wp\/v2\/posts\/260660","targetHints":{"allow":["GET"]}}],"collection":[{"href":"https:\/\/ugel04.gob.pe\/home\/wp-json\/wp\/v2\/posts"}],"about":[{"href":"https:\/\/ugel04.gob.pe\/home\/wp-json\/wp\/v2\/types\/post"}],"author":[{"embeddable":true,"href":"https:\/\/ugel04.gob.pe\/home\/wp-json\/wp\/v2\/users\/1"}],"replies":[{"embeddable":true,"href":"https:\/\/ugel04.gob.pe\/home\/wp-json\/wp\/v2\/comments?post=260660"}],"version-history":[{"count":3,"href":"https:\/\/ugel04.gob.pe\/home\/wp-json\/wp\/v2\/posts\/260660\/revisions"}],"predecessor-version":[{"id":260665,"href":"https:\/\/ugel04.gob.pe\/home\/wp-json\/wp\/v2\/posts\/260660\/revisions\/260665"}],"wp:featuredmedia":[{"embeddable":true,"href":"https:\/\/ugel04.gob.pe\/home\/wp-json\/wp\/v2\/media\/260661"}],"wp:attachment":[{"href":"https:\/\/ugel04.gob.pe\/home\/wp-json\/wp\/v2\/media?parent=260660"}],"wp:term":[{"taxonomy":"category","embeddable":true,"href":"https:\/\/ugel04.gob.pe\/home\/wp-json\/wp\/v2\/categories?post=260660"},{"taxonomy":"post_tag","embeddable":true,"href":"https:\/\/ugel04.gob.pe\/home\/wp-json\/wp\/v2\/tags?post=260660"}],"curies":[{"name":"wp","href":"https:\/\/api.w.org\/{rel}","templated":true}]}}