{"id":260653,"date":"2025-11-13T12:54:37","date_gmt":"2025-11-13T17:54:37","guid":{"rendered":"https:\/\/ugel04.gob.pe\/home\/?p=260653"},"modified":"2025-11-13T12:54:44","modified_gmt":"2025-11-13T17:54:44","slug":"en-el-dia-de-la-educacion-primaria-se-desarrolla-apoteosico-iii-congreso-pedagogico-del-nivel","status":"publish","type":"post","link":"https:\/\/ugel04.gob.pe\/home\/en-el-dia-de-la-educacion-primaria-se-desarrolla-apoteosico-iii-congreso-pedagogico-del-nivel\/","title":{"rendered":"EN EL D\u00cdA DE LA EDUCACI\u00d3N PRIMARIA SE DESARROLLA APOTE\u00d3SICO III CONGRESO PEDAG\u00d3GICO DEL NIVEL"},"content":{"rendered":"<p>[et_pb_section fb_built=\u00bb1&#8243; theme_builder_area=\u00bbpost_content\u00bb _builder_version=\u00bb4.27.4&#8243; _module_preset=\u00bbdefault\u00bb da_is_popup=\u00bboff\u00bb da_exit_intent=\u00bboff\u00bb da_has_close=\u00bbon\u00bb da_alt_close=\u00bboff\u00bb da_dark_close=\u00bboff\u00bb da_not_modal=\u00bbon\u00bb da_is_singular=\u00bboff\u00bb da_with_loader=\u00bboff\u00bb da_has_shadow=\u00bbon\u00bb da_disable_devices=\u00bboff|off|off\u00bb][et_pb_row _builder_version=\u00bb4.27.4&#8243; _module_preset=\u00bbdefault\u00bb theme_builder_area=\u00bbpost_content\u00bb][et_pb_column _builder_version=\u00bb4.27.4&#8243; _module_preset=\u00bbdefault\u00bb type=\u00bb4_4&#8243; theme_builder_area=\u00bbpost_content\u00bb][et_pb_text _builder_version=\u00bb4.27.4&#8243; _module_preset=\u00bbdefault\u00bb theme_builder_area=\u00bbpost_content\u00bb hover_enabled=\u00bb0&#8243; sticky_enabled=\u00bb0&#8243;]<\/p>\n<p>En marco de las actividades por el d\u00eda de la educaci\u00f3n primaria, la UGEL 04 a trav\u00e9s de AGEBRE, llev\u00f3 a cabo el III Congreso Pedag\u00f3gico del referido nivel, dirigido a fortalecer las capacidades de los directivos de las instituciones educativas p\u00fablicas de nuestra jurisdicci\u00f3n; un evento, que tuvo como ponentes a descatados especialistas en la ense\u00f1anza escolar y superior.<\/p>\n<p>Previa a la exposici\u00f3n de los invitados, la directora de la UGEL 04 Nelly Cunza Pr\u00edncipe, expres\u00f3 su felicitaci\u00f3n a toda la comunidad educativa del nivel primaria, invocando a los directivos y docentes de las escuelas, a reflexionar sobre su importante rol protag\u00f3nico en la formaci\u00f3n de los ni\u00f1os y ni\u00f1as.<\/p>\n<p>\u201cDebemos ser conscientes de las necesidades de cambio existentes para mejorar cada d\u00eda nuestro trabajo y permitir que los escolares tengan una excelente base educativa. Por eso, les pido aprovechar al m\u00e1ximo este congreso, a fin de aprender de los facilitadores y ponerlo en pr\u00e1ctica en sus escuelas. \u00a1Feliz D\u00eda de la Educaci\u00f3n Primaria!\u201d, manifest\u00f3.<\/p>\n<p>Durante el III Congreso Pedag\u00f3gico de la Educaci\u00f3n Primaria, se desarrollaron tres importantes temas relacionados con la mejora e innovaci\u00f3n de la did\u00e1ctica en el aula:<\/p>\n<ol>\n<li>Desarrollo del \u00c1rea de Ciencia y Tecnolog\u00eda en Primaria.<\/li>\n<li>Retroalimentaci\u00f3n y an\u00e1lisis de casos reales de los estudiantes en el \u00e1rea de matem\u00e1ticas.<\/li>\n<li>Educaci\u00f3n para transformar: Voces y retos de la educaci\u00f3n primaria.<\/li>\n<\/ol>\n<p>Cada una de las ponencias dejaron como mensaje clave, la necesidad de ejercer docencia partiendo de la exposici\u00f3n de casos reales que permitan a los estudiantes comprender mejor los mensajes transmitidos en cada clase.<\/p>\n<p>Para ello, recomendaron a los directivos y docentes que incidan en la mente de los estudiantes, el uso del conocimiento cient\u00edfico en la vida cotidiana para comprender el mundo y responder asertivamente ante los problemas que se puedan presentar.<\/p>\n<p>&nbsp;<\/p>\n<p>[\/et_pb_text][\/et_pb_column][\/et_pb_row][\/et_pb_section]<\/p>\n","protected":false},"excerpt":{"rendered":"<p>En marco de las actividades por el d\u00eda de la educaci\u00f3n primaria, la UGEL 04 a trav\u00e9s de AGEBRE, llev\u00f3 a cabo el III Congreso Pedag\u00f3gico del referido nivel, dirigido [&hellip;]<\/p>\n","protected":false},"author":1,"featured_media":260654,"comment_status":"open","ping_status":"open","sticky":false,"template":"","format":"standard","meta":{"_et_pb_use_builder":"on","_et_pb_old_content":"","_et_gb_content_width":"1080","footnotes":""},"categories":[10],"tags":[],"class_list":["post-260653","post","type-post","status-publish","format-standard","has-post-thumbnail","hentry","category-noticias"],"_links":{"self":[{"href":"https:\/\/ugel04.gob.pe\/home\/wp-json\/wp\/v2\/posts\/260653","targetHints":{"allow":["GET"]}}],"collection":[{"href":"https:\/\/ugel04.gob.pe\/home\/wp-json\/wp\/v2\/posts"}],"about":[{"href":"https:\/\/ugel04.gob.pe\/home\/wp-json\/wp\/v2\/types\/post"}],"author":[{"embeddable":true,"href":"https:\/\/ugel04.gob.pe\/home\/wp-json\/wp\/v2\/users\/1"}],"replies":[{"embeddable":true,"href":"https:\/\/ugel04.gob.pe\/home\/wp-json\/wp\/v2\/comments?post=260653"}],"version-history":[{"count":2,"href":"https:\/\/ugel04.gob.pe\/home\/wp-json\/wp\/v2\/posts\/260653\/revisions"}],"predecessor-version":[{"id":260657,"href":"https:\/\/ugel04.gob.pe\/home\/wp-json\/wp\/v2\/posts\/260653\/revisions\/260657"}],"wp:featuredmedia":[{"embeddable":true,"href":"https:\/\/ugel04.gob.pe\/home\/wp-json\/wp\/v2\/media\/260654"}],"wp:attachment":[{"href":"https:\/\/ugel04.gob.pe\/home\/wp-json\/wp\/v2\/media?parent=260653"}],"wp:term":[{"taxonomy":"category","embeddable":true,"href":"https:\/\/ugel04.gob.pe\/home\/wp-json\/wp\/v2\/categories?post=260653"},{"taxonomy":"post_tag","embeddable":true,"href":"https:\/\/ugel04.gob.pe\/home\/wp-json\/wp\/v2\/tags?post=260653"}],"curies":[{"name":"wp","href":"https:\/\/api.w.org\/{rel}","templated":true}]}}