{"id":260638,"date":"2025-11-10T17:22:28","date_gmt":"2025-11-10T22:22:28","guid":{"rendered":"https:\/\/ugel04.gob.pe\/home\/?p=260638"},"modified":"2025-11-10T19:13:02","modified_gmt":"2025-11-11T00:13:02","slug":"estudiantes-de-ie-santa-isabel-reciben-coleccion-populibros-de-casa-de-la-literatura","status":"publish","type":"post","link":"https:\/\/ugel04.gob.pe\/home\/estudiantes-de-ie-santa-isabel-reciben-coleccion-populibros-de-casa-de-la-literatura\/","title":{"rendered":"ESTUDIANTES DE IE SANTA ISABEL RECIBEN COLECCI\u00d3N \u201cPOPULIBROS\u201d DE CASA DE LA LITERATURA"},"content":{"rendered":"<p>[et_pb_section fb_built=\u00bb1&#8243; _builder_version=\u00bb4.27.4&#8243; _module_preset=\u00bbdefault\u00bb da_disable_devices=\u00bboff|off|off\u00bb global_colors_info=\u00bb{}\u00bb da_is_popup=\u00bboff\u00bb da_exit_intent=\u00bboff\u00bb da_has_close=\u00bbon\u00bb da_alt_close=\u00bboff\u00bb da_dark_close=\u00bboff\u00bb da_not_modal=\u00bbon\u00bb da_is_singular=\u00bboff\u00bb da_with_loader=\u00bboff\u00bb da_has_shadow=\u00bbon\u00bb][et_pb_row _builder_version=\u00bb4.27.4&#8243; _module_preset=\u00bbdefault\u00bb global_colors_info=\u00bb{}\u00bb][et_pb_column type=\u00bb4_4&#8243; _builder_version=\u00bb4.27.4&#8243; _module_preset=\u00bbdefault\u00bb global_colors_info=\u00bb{}\u00bb][et_pb_text _builder_version=\u00bb4.27.4&#8243; _module_preset=\u00bbdefault\u00bb hover_enabled=\u00bb0&#8243; global_colors_info=\u00bb{}\u00bb sticky_enabled=\u00bb0&#8243;]<\/p>\n<p>En una significativa ceremonia realizada en la Instituci\u00f3n Educativa Santa Isabel, la Casa de la Literatura Peruana hizo entrega de los primeros ejemplares de la colecci\u00f3n \u201cPopulibros\u201d, en el marco del proyecto que busca fortalecer la lectura y el acceso a la literatura, de los estudiantes de las instituciones p\u00fablicas del pa\u00eds.<\/p>\n<p>Durante el evento que cont\u00f3 con la presencia de la directora de la UGEL 04, Nelly Cunza Pr\u00edncipe, se entregaron 300 libros pertenecientes a la colecci\u00f3n Populibros Caslit, que re\u00fane diez t\u00edtulos de autores fundamentales de la tradici\u00f3n literaria nacional, entre ellos Ricardo Palma, Clorinda Matto de Turner, Abraham Valdelomar, C\u00e9sar Vallejo, Ciro Alegr\u00eda, Blanca Varela, Julio Ram\u00f3n Ribeyro, Jos\u00e9 Mar\u00eda Arguedas, Mario Vargas Llosa \u2013Premio Nobel de Literatura 2010\u2013 y Alfredo Bryce Echenique.<\/p>\n<p>\u201cCada texto ha sido seleccionado por su calidad literaria y por su capacidad de resonar con las realidades diversas del pa\u00eds\u201d, destac\u00f3 el director de la Casa de la Literatura.<\/p>\n<p>La Casa de la Literatura Peruana impulsa este esfuerzo con el prop\u00f3sito de fortalecer los n\u00facleos de lectura \u2014espacios designados en instituciones que cuentan con bibliotecas escolares y personal bibliotecario\u2014, beneficiando a 672 colegios p\u00fablicos a nivel nacional. En total, se distribuir\u00e1n 235,000 ejemplares de manera gratuita, con el acompa\u00f1amiento de una estrategia de mediaci\u00f3n lectora.<\/p>\n<p>En la ceremonia tambi\u00e9n participaron, el director de la Casa de la Literatura Peruana, \u00a0el director de la Direcci\u00f3n Regional de Educaci\u00f3n de Lima Metropolitana (DRELM), Marcos Tupayachi, el jefe de AGEBATP de la UGEL 04 y el director de la I.E. Santa Isabel.<\/p>\n<p>Con esta primera entrega, la UGEL 04 reafirma la responsabilidad que posee al promover el acceso al libro, la lectura y la cultura, en articulaci\u00f3n con la DRELM, el Ministerio de Educaci\u00f3n y la Casa de la Literatura Peruana, contribuyendo as\u00ed al desarrollo de comunidades lectoras que fortalecen la educaci\u00f3n p\u00fablica desde el enfoque intercultural y descentralizado.<\/p>\n<p>[\/et_pb_text][\/et_pb_column][\/et_pb_row][\/et_pb_section]<\/p>\n","protected":false},"excerpt":{"rendered":"<p>En una significativa ceremonia realizada en la Instituci\u00f3n Educativa Santa Isabel, la Casa de la Literatura Peruana hizo entrega de los primeros ejemplares de la colecci\u00f3n \u201cPopulibros\u201d, en el marco [&hellip;]<\/p>\n","protected":false},"author":1,"featured_media":260640,"comment_status":"open","ping_status":"open","sticky":false,"template":"","format":"standard","meta":{"_et_pb_use_builder":"on","_et_pb_old_content":"","_et_gb_content_width":"1080","footnotes":""},"categories":[10],"tags":[],"class_list":["post-260638","post","type-post","status-publish","format-standard","has-post-thumbnail","hentry","category-noticias"],"_links":{"self":[{"href":"https:\/\/ugel04.gob.pe\/home\/wp-json\/wp\/v2\/posts\/260638","targetHints":{"allow":["GET"]}}],"collection":[{"href":"https:\/\/ugel04.gob.pe\/home\/wp-json\/wp\/v2\/posts"}],"about":[{"href":"https:\/\/ugel04.gob.pe\/home\/wp-json\/wp\/v2\/types\/post"}],"author":[{"embeddable":true,"href":"https:\/\/ugel04.gob.pe\/home\/wp-json\/wp\/v2\/users\/1"}],"replies":[{"embeddable":true,"href":"https:\/\/ugel04.gob.pe\/home\/wp-json\/wp\/v2\/comments?post=260638"}],"version-history":[{"count":4,"href":"https:\/\/ugel04.gob.pe\/home\/wp-json\/wp\/v2\/posts\/260638\/revisions"}],"predecessor-version":[{"id":260643,"href":"https:\/\/ugel04.gob.pe\/home\/wp-json\/wp\/v2\/posts\/260638\/revisions\/260643"}],"wp:featuredmedia":[{"embeddable":true,"href":"https:\/\/ugel04.gob.pe\/home\/wp-json\/wp\/v2\/media\/260640"}],"wp:attachment":[{"href":"https:\/\/ugel04.gob.pe\/home\/wp-json\/wp\/v2\/media?parent=260638"}],"wp:term":[{"taxonomy":"category","embeddable":true,"href":"https:\/\/ugel04.gob.pe\/home\/wp-json\/wp\/v2\/categories?post=260638"},{"taxonomy":"post_tag","embeddable":true,"href":"https:\/\/ugel04.gob.pe\/home\/wp-json\/wp\/v2\/tags?post=260638"}],"curies":[{"name":"wp","href":"https:\/\/api.w.org\/{rel}","templated":true}]}}