{"id":260623,"date":"2025-11-07T15:06:20","date_gmt":"2025-11-07T20:06:20","guid":{"rendered":"https:\/\/ugel04.gob.pe\/home\/?p=260623"},"modified":"2025-11-07T15:14:48","modified_gmt":"2025-11-07T20:14:48","slug":"directivos-de-22-ii-ee-fortalecen-practicas-inclusivas-con-el-servicio-de-apoyo-educativo","status":"publish","type":"post","link":"https:\/\/ugel04.gob.pe\/home\/directivos-de-22-ii-ee-fortalecen-practicas-inclusivas-con-el-servicio-de-apoyo-educativo\/","title":{"rendered":"DIRECTIVOS DE II.EE. FOCALIZADAS FORTALECEN PR\u00c1CTICAS INCLUSIVAS CON EL SERVICIO DE APOYO EDUCATIVO"},"content":{"rendered":"<p>[et_pb_section fb_built=\u00bb1&#8243; _builder_version=\u00bb4.27.4&#8243; _module_preset=\u00bbdefault\u00bb da_disable_devices=\u00bboff|off|off\u00bb global_colors_info=\u00bb{}\u00bb da_is_popup=\u00bboff\u00bb da_exit_intent=\u00bboff\u00bb da_has_close=\u00bbon\u00bb da_alt_close=\u00bboff\u00bb da_dark_close=\u00bboff\u00bb da_not_modal=\u00bbon\u00bb da_is_singular=\u00bboff\u00bb da_with_loader=\u00bboff\u00bb da_has_shadow=\u00bbon\u00bb][et_pb_row _builder_version=\u00bb4.27.4&#8243; _module_preset=\u00bbdefault\u00bb custom_padding=\u00bb9px|||||\u00bb global_colors_info=\u00bb{}\u00bb][et_pb_column type=\u00bb4_4&#8243; _builder_version=\u00bb4.27.4&#8243; _module_preset=\u00bbdefault\u00bb global_colors_info=\u00bb{}\u00bb][et_pb_text _builder_version=\u00bb4.27.4&#8243; _module_preset=\u00bbdefault\u00bb hover_enabled=\u00bb0&#8243; global_colors_info=\u00bb{}\u00bb sticky_enabled=\u00bb0&#8243;]<\/p>\n<p data-start=\"1033\" data-end=\"1294\">Con el objetivo de seguir construyendo escuelas m\u00e1s inclusivas y comprometidas con la diversidad, se desarroll\u00f3 la reuni\u00f3n de trabajo dirigido a directivos de las II.EE. focalizadas por el Servicio de Apoyo Educativo (SAE), organizada por el <strong>equipo del SAE Externo de la UGEL 04.<\/strong><\/p>\n<p data-start=\"1033\" data-end=\"1294\">El encuentro congreg\u00f3 a directivos y psic\u00f3logos de 22 instituciones educativas, quienes compartieron avances, logros y desaf\u00edos en la implementaci\u00f3n de estrategias que promueven la atenci\u00f3n a la diversidad y el bienestar socioemocional de los estudiantes.<\/p>\n<p data-start=\"1296\" data-end=\"1360\">La jornada se desarroll\u00f3 en torno a cuatro ejes tem\u00e1ticos:<\/p>\n<p data-start=\"1296\" data-end=\"1360\"><span style=\"font-size: 14px;\">\u00a01. Gesti\u00f3n inclusiva: decisiones y acciones directivas que favorecen la atenci\u00f3n a la diversidad.<\/span><\/p>\n<p data-start=\"1296\" data-end=\"1360\">2. Implementaci\u00f3n de apoyos educativos: reconocimiento de aliados estrat\u00e9gicos, agentes comunitarios y soportes socioemocionales<\/p>\n<p data-start=\"1296\" data-end=\"1360\"><span style=\"font-size: 14px;\">3. Resultados y evidencias 2025: an\u00e1lisis de avances y dificultades en la aplicaci\u00f3n de los apoyos educativos.<\/span><\/p>\n<p data-start=\"1721\" data-end=\"1863\">4. Compromisos y proyecciones 2026: propuestas para continuar fortaleciendo la inclusi\u00f3n educativa y los acompa\u00f1amientos esperados del SAE.<\/p>\n<p data-start=\"1865\" data-end=\"2276\">Durante la jornada, los participantes compartieron experiencias valiosas como la realizaci\u00f3n de sesiones pedag\u00f3gicas por el D\u00eda del TDAH, desayunos socioemocionales, talleres del SAEI, la conformaci\u00f3n de equipos SAEI mediante Resoluci\u00f3n Directoral, y la coordinaci\u00f3n de charlas con psic\u00f3logos de centros de salud y el CEM para la atenci\u00f3n de estudiantes en situaci\u00f3n de vulnerabilidad.<\/p>\n<blockquote data-start=\"2278\" data-end=\"2614\">\n<p data-start=\"2280\" data-end=\"2614\">\u201cLa inclusi\u00f3n se construye d\u00eda a d\u00eda desde la gesti\u00f3n, con decisiones que ponen al estudiante en el centro. Estos espacios fortalecen nuestro liderazgo pedag\u00f3gico y nos permiten avanzar hacia escuelas m\u00e1s humanas y justas\u201d, destac\u00f3 Mellysa Alag\u00f3n, especialista de la UGEL 04.<\/p>\n<\/blockquote>\n<p data-start=\"2616\" data-end=\"2782\">La actividad concluy\u00f3 reafirmando que la inclusi\u00f3n no es un destino, sino un camino que se construye con cada decisi\u00f3n, cada acci\u00f3n y cada coraz\u00f3n comprometido.<\/p>\n<p>[\/et_pb_text][\/et_pb_column][\/et_pb_row][\/et_pb_section]<\/p>\n","protected":false},"excerpt":{"rendered":"<p>Con el objetivo de seguir construyendo escuelas m\u00e1s inclusivas y comprometidas con la diversidad, se desarroll\u00f3 la reuni\u00f3n de trabajo dirigido a directivos de las II.EE. focalizadas por el Servicio [&hellip;]<\/p>\n","protected":false},"author":1,"featured_media":260624,"comment_status":"closed","ping_status":"closed","sticky":false,"template":"","format":"standard","meta":{"_et_pb_use_builder":"on","_et_pb_old_content":"","_et_gb_content_width":"","footnotes":""},"categories":[10],"tags":[],"class_list":["post-260623","post","type-post","status-publish","format-standard","has-post-thumbnail","hentry","category-noticias"],"_links":{"self":[{"href":"https:\/\/ugel04.gob.pe\/home\/wp-json\/wp\/v2\/posts\/260623","targetHints":{"allow":["GET"]}}],"collection":[{"href":"https:\/\/ugel04.gob.pe\/home\/wp-json\/wp\/v2\/posts"}],"about":[{"href":"https:\/\/ugel04.gob.pe\/home\/wp-json\/wp\/v2\/types\/post"}],"author":[{"embeddable":true,"href":"https:\/\/ugel04.gob.pe\/home\/wp-json\/wp\/v2\/users\/1"}],"replies":[{"embeddable":true,"href":"https:\/\/ugel04.gob.pe\/home\/wp-json\/wp\/v2\/comments?post=260623"}],"version-history":[{"count":5,"href":"https:\/\/ugel04.gob.pe\/home\/wp-json\/wp\/v2\/posts\/260623\/revisions"}],"predecessor-version":[{"id":260630,"href":"https:\/\/ugel04.gob.pe\/home\/wp-json\/wp\/v2\/posts\/260623\/revisions\/260630"}],"wp:featuredmedia":[{"embeddable":true,"href":"https:\/\/ugel04.gob.pe\/home\/wp-json\/wp\/v2\/media\/260624"}],"wp:attachment":[{"href":"https:\/\/ugel04.gob.pe\/home\/wp-json\/wp\/v2\/media?parent=260623"}],"wp:term":[{"taxonomy":"category","embeddable":true,"href":"https:\/\/ugel04.gob.pe\/home\/wp-json\/wp\/v2\/categories?post=260623"},{"taxonomy":"post_tag","embeddable":true,"href":"https:\/\/ugel04.gob.pe\/home\/wp-json\/wp\/v2\/tags?post=260623"}],"curies":[{"name":"wp","href":"https:\/\/api.w.org\/{rel}","templated":true}]}}