{"id":260615,"date":"2025-11-06T17:08:15","date_gmt":"2025-11-06T22:08:15","guid":{"rendered":"https:\/\/ugel04.gob.pe\/home\/?p=260615"},"modified":"2025-11-06T17:08:24","modified_gmt":"2025-11-06T22:08:24","slug":"se-adjudican-plazas-de-directivos-cargos-jerarquicos-y-especialistas-en-educacion","status":"publish","type":"post","link":"https:\/\/ugel04.gob.pe\/home\/se-adjudican-plazas-de-directivos-cargos-jerarquicos-y-especialistas-en-educacion\/","title":{"rendered":"SE ADJUDICAN PLAZAS DE DIRECTIVOS, CARGOS JER\u00c1RQUICOS Y ESPECIALISTAS EN EDUCACI\u00d3N"},"content":{"rendered":"<p>[et_pb_section fb_built=\u00bb1&#8243; theme_builder_area=\u00bbpost_content\u00bb _builder_version=\u00bb4.27.4&#8243; _module_preset=\u00bbdefault\u00bb da_is_popup=\u00bboff\u00bb da_exit_intent=\u00bboff\u00bb da_has_close=\u00bbon\u00bb da_alt_close=\u00bboff\u00bb da_dark_close=\u00bboff\u00bb da_not_modal=\u00bbon\u00bb da_is_singular=\u00bboff\u00bb da_with_loader=\u00bboff\u00bb da_has_shadow=\u00bbon\u00bb da_disable_devices=\u00bboff|off|off\u00bb][et_pb_row _builder_version=\u00bb4.27.4&#8243; _module_preset=\u00bbdefault\u00bb theme_builder_area=\u00bbpost_content\u00bb][et_pb_column _builder_version=\u00bb4.27.4&#8243; _module_preset=\u00bbdefault\u00bb type=\u00bb4_4&#8243; theme_builder_area=\u00bbpost_content\u00bb][et_pb_text _builder_version=\u00bb4.27.4&#8243; _module_preset=\u00bbdefault\u00bb theme_builder_area=\u00bbpost_content\u00bb hover_enabled=\u00bb0&#8243; sticky_enabled=\u00bb0&#8243;]<\/p>\n<p>Durante una ceremonia p\u00fablica desarrollada en el auditorio de la IE 2100 Juan Velasco Alvarado de Comas, un total de 126 plazas de directivos de instituciones educativas, 6 plazas de especialistas en educaci\u00f3n de la UGEL 04 y 28 plazas de cargos jer\u00e1rquicos de escuelas, fueron adjudicadas durante el proceso perteneciente a la segunda etapa: encargatura regular (fase 1), convocada por nuestra entidad.<\/p>\n<p>El presente proceso de adjudicaci\u00f3n presencial se llev\u00f3 a cabo respetando el estricto orden de m\u00e9rito alcanzado por los postulantes, tras una exhaustiva evaluaci\u00f3n a cargo del Comit\u00e9 de Encargatura de Profesores en el \u00e1rea de desempe\u00f1o laboral de la Ley N\u00b0 29944 \u2013 2026, el mismo que se fij\u00f3 de acuerdo al puntaje final obtenido de la suma de los criterios de calificaci\u00f3n establecidos en la norma t\u00e9cnica denominada \u201cDisposiciones para el proceso de encargatura de profesores en \u00e1reas de desempe\u00f1o laboral de la Ley N\u00b0 29944, Ley de Reforma Magisterial y su Reglamento\u201d.<\/p>\n<p>&nbsp;<\/p>\n<p>El evento cont\u00f3 con la participaci\u00f3n de la directora de UGEL 04 Nelly Cunza Pr\u00edncipe, quien felicit\u00f3 a los docentes ganadores, encomend\u00e1ndoles asumir con responsabilidad el reto que les corresponde, teniendo en consideraci\u00f3n que su rol dentro del sistema educativo es fundamental para el logro de los aprendizajes y para el fortalecimiento de los procesos en las escuelas.<\/p>\n<p>&nbsp;<\/p>\n<p>Cabe destacar que, el encargo de las plazas para los directivos y especialistas en educaci\u00f3n, tienen como tiempo de duraci\u00f3n un a\u00f1o, contabilizados a partir del 01 de enero al 31 de diciembre del 2026; en tanto, los cargos jer\u00e1rquicos (jefes de talleres, jefes de laboratorio y coordinadores de tutor\u00eda) se asumir\u00e1n del 01 de marzo al 31 de diciembre del 2026.<\/p>\n<p>[\/et_pb_text][\/et_pb_column][\/et_pb_row][\/et_pb_section]<\/p>\n","protected":false},"excerpt":{"rendered":"<p>Durante una ceremonia p\u00fablica desarrollada en el auditorio de la IE 2100 Juan Velasco Alvarado de Comas, un total de 126 plazas de directivos de instituciones educativas, 6 plazas de [&hellip;]<\/p>\n","protected":false},"author":1,"featured_media":260616,"comment_status":"open","ping_status":"open","sticky":false,"template":"","format":"standard","meta":{"_et_pb_use_builder":"on","_et_pb_old_content":"","_et_gb_content_width":"1080","footnotes":""},"categories":[10],"tags":[],"class_list":["post-260615","post","type-post","status-publish","format-standard","has-post-thumbnail","hentry","category-noticias"],"_links":{"self":[{"href":"https:\/\/ugel04.gob.pe\/home\/wp-json\/wp\/v2\/posts\/260615","targetHints":{"allow":["GET"]}}],"collection":[{"href":"https:\/\/ugel04.gob.pe\/home\/wp-json\/wp\/v2\/posts"}],"about":[{"href":"https:\/\/ugel04.gob.pe\/home\/wp-json\/wp\/v2\/types\/post"}],"author":[{"embeddable":true,"href":"https:\/\/ugel04.gob.pe\/home\/wp-json\/wp\/v2\/users\/1"}],"replies":[{"embeddable":true,"href":"https:\/\/ugel04.gob.pe\/home\/wp-json\/wp\/v2\/comments?post=260615"}],"version-history":[{"count":2,"href":"https:\/\/ugel04.gob.pe\/home\/wp-json\/wp\/v2\/posts\/260615\/revisions"}],"predecessor-version":[{"id":260618,"href":"https:\/\/ugel04.gob.pe\/home\/wp-json\/wp\/v2\/posts\/260615\/revisions\/260618"}],"wp:featuredmedia":[{"embeddable":true,"href":"https:\/\/ugel04.gob.pe\/home\/wp-json\/wp\/v2\/media\/260616"}],"wp:attachment":[{"href":"https:\/\/ugel04.gob.pe\/home\/wp-json\/wp\/v2\/media?parent=260615"}],"wp:term":[{"taxonomy":"category","embeddable":true,"href":"https:\/\/ugel04.gob.pe\/home\/wp-json\/wp\/v2\/categories?post=260615"},{"taxonomy":"post_tag","embeddable":true,"href":"https:\/\/ugel04.gob.pe\/home\/wp-json\/wp\/v2\/tags?post=260615"}],"curies":[{"name":"wp","href":"https:\/\/api.w.org\/{rel}","templated":true}]}}