{"id":260598,"date":"2025-11-03T17:46:27","date_gmt":"2025-11-03T22:46:27","guid":{"rendered":"https:\/\/ugel04.gob.pe\/home\/?p=260598"},"modified":"2025-11-03T17:47:10","modified_gmt":"2025-11-03T22:47:10","slug":"celebramos-22-aniversario-con-balance-de-gestion-de-directora-nelly-cunza-y-actividades-integradoras","status":"publish","type":"post","link":"https:\/\/ugel04.gob.pe\/home\/celebramos-22-aniversario-con-balance-de-gestion-de-directora-nelly-cunza-y-actividades-integradoras\/","title":{"rendered":"CELEBRAMOS 22 ANIVERSARIO CON BALANCE DE GESTI\u00d3N DE DIRECTORA NELLY CUNZA Y ACTIVIDADES INTEGRADORAS"},"content":{"rendered":"\n[et_pb_section fb_built=\u00bb1&#8243; theme_builder_area=\u00bbpost_content\u00bb _builder_version=\u00bb4.27.4&#8243; _module_preset=\u00bbdefault\u00bb da_is_popup=\u00bboff\u00bb da_exit_intent=\u00bboff\u00bb da_has_close=\u00bbon\u00bb da_alt_close=\u00bboff\u00bb da_dark_close=\u00bboff\u00bb da_not_modal=\u00bbon\u00bb da_is_singular=\u00bboff\u00bb da_with_loader=\u00bboff\u00bb da_has_shadow=\u00bbon\u00bb da_disable_devices=\u00bboff|off|off\u00bb][et_pb_row _builder_version=\u00bb4.27.4&#8243; _module_preset=\u00bbdefault\u00bb theme_builder_area=\u00bbpost_content\u00bb][et_pb_column _builder_version=\u00bb4.27.4&#8243; _module_preset=\u00bbdefault\u00bb type=\u00bb4_4&#8243; theme_builder_area=\u00bbpost_content\u00bb][et_pb_text _builder_version=\u00bb4.27.4&#8243; _module_preset=\u00bbdefault\u00bb theme_builder_area=\u00bbpost_content\u00bb hover_enabled=\u00bb0&#8243; sticky_enabled=\u00bb0&#8243;]<p>Teniendo como escenario nuestro terreno recientemente recuperado ubicado en el distrito de Comas, la UGEL 04 celebr\u00f3 22 a\u00f1os de creaci\u00f3n, con diversas actividades destinadas a fortalecer la labor de los servidores p\u00fablicos de esta instituci\u00f3n tutelar educativa de Lima Norte.<\/p>\n<p>En este marco, la directora Nelly Cunza Pr\u00edncipe realiz\u00f3 la presentaci\u00f3n de un balance de su gesti\u00f3n, en el que destac\u00f3 los principales avances de la UGEL 04, en materia pedag\u00f3gica, administrativa y funcional.<\/p>\n<p>\u201cHe venido a rendir cuentas de mi gesti\u00f3n tras cinco a\u00f1os ininterrumpidos, tiempo en el cual se han doblegado grandes esfuerzos para brindar a las escuelas la dignidad que se merecen. El reto ha sido desafiante, porque la UGEL 04 es la m\u00e1s grande del pa\u00eds al contar con m\u00e1s de 350 mil estudiantes provenientes de hogares y culturas distintas\u201d, refiri\u00f3.<\/p>\n<p>Agreg\u00f3 que en este periodo se implementaron m\u00e1s de 50 redes de alcantarillado y agua, en un hecho hist\u00f3rico jam\u00e1s alcanzado en nuestra jurisdicci\u00f3n, \u201ceste servicio b\u00e1sico ha mejorado las condiciones pedag\u00f3gicas en las escuelas ubicadas en las zonas m\u00e1s vulnerables\u201d, detall\u00f3.<\/p>\n<p>Asimismo, resalt\u00f3 la habilitaci\u00f3n de m\u00e1s de 60 redes de energ\u00eda el\u00e9ctrica; la recuperaci\u00f3n de alrededor de 25 terrenos del Ministerio de Educaci\u00f3n, las cuales fueron destinadas al uso de las escuelas de inicial, primaria y secundaria; la inauguraci\u00f3n de 8 modernos colegios bicentenario para los cuales se debi\u00f3 encontrar terrenos de contingencia tras intensas gestiones; la aplicaci\u00f3n de la estrategia Leer, Escribir y Aprender \u2013 LEA, para potenciar la comprensi\u00f3n lectora mediante la recuperaci\u00f3n del h\u00e1bito lector en las familias, entre otros.<\/p>\n<p>La titular de la UGEL 04, continu\u00f3 con un resumen de acciones destacadas durante su gesti\u00f3n, entre las que podemos mencionar las siguientes:<\/p>\n<ul>\n<li>El cercado de 30 colegios a fin de brindar seguridad y tranquilidad a su comunidad educativa.<\/li>\n<li>La aplicaci\u00f3n de la estrategia Mi Voz Importa, la cual naci\u00f3 en los colegios de Carabayllo con la finalidad de recibir las sugerencias y\/o inquietudes de los estudiantes, y que hoy se ha convertido en pol\u00edtica educativa del Minedu.<\/li>\n<li>La puesta en marcha del programa Chicas TEC, que ha beneficiado con el manejo de la ciencia, tecnolog\u00eda, ingenier\u00eda y matem\u00e1ticas a m\u00e1s de 500 j\u00f3venes de menores recursos de la jurisdicci\u00f3n.<\/li>\n<li>El desarrollo del proyecto Escuelas Digitales Plataforma Google Form Education en 120 escuelas, dirigidas por ingenieros de sistemas y profesores de c\u00f3mputo, con la finalidad de facilitar la creaci\u00f3n de cuestionarios, tareas y la gesti\u00f3n de clases en las aulas.<\/li>\n<li>La ampliaci\u00f3n de atenci\u00f3n pedag\u00f3gica en diversos colegios, como el de la IE 8167 R\u00edo Seco, que paso de tener 40 estudiantes y dos profesores, antes de la pandemia a tener en la actualidad 400 alumnos y 15 maestros.<\/li>\n<li>El mejoramiento de las condiciones laborales de los servidores administrativos de la sede institucional, en cuanto a la dotaci\u00f3n de sillas ergon\u00f3micas y equipos de c\u00f3mputo.<\/li>\n<\/ul>\n<p>Nelly Cunza cerr\u00f3 la presentaci\u00f3n de su balance de gesti\u00f3n, reconociendo que la brecha para la mejora educativa a\u00fan es grande, pero que seguir\u00e1 trabajando con el apoyo de toda la comunidad, a fin de mejorar la calidad de los aprendizajes y las condiciones de trabajo de los servidores p\u00fablicos de la UGEL 04.<\/p>\n<p><strong>Reconocimiento a servidora cesante<\/strong><\/p>\n<p>Posteriormente, la directora de nuestra entidad brind\u00f3 el reconocimiento a la servidora p\u00fablica Yrma Vara S\u00e1nchez de Huam\u00e1n, quien cesar\u00e1 en diciembre del 2025, por su dedicaci\u00f3n y profesionalismo a favor del desarrollo de la UGEL 04, haci\u00e9ndole entrega de un trofeo institucional.<\/p>\n<p>Cabe recordar, que ambas actividades se complementaron con una paraliturgia por la salud institucional de la UGEL 04, celebrada por RP Guillermo Burgos, y una jornada de integraci\u00f3n, en el que los servidores de la sede central participaron en el concurso art\u00edstico \u201cUGEL 04 tiene talento\u201d.<\/p>[\/et_pb_text][\/et_pb_column][\/et_pb_row][\/et_pb_section]\n","protected":false},"excerpt":{"rendered":"<p>Teniendo como escenario nuestro terreno recientemente recuperado ubicado en el distrito de Comas, la UGEL 04 celebr\u00f3 22 a\u00f1os de creaci\u00f3n, con diversas actividades destinadas a fortalecer la labor de [&hellip;]<\/p>\n","protected":false},"author":1,"featured_media":260599,"comment_status":"open","ping_status":"open","sticky":false,"template":"","format":"standard","meta":{"_et_pb_use_builder":"on","_et_pb_old_content":"","_et_gb_content_width":"1080","footnotes":""},"categories":[10],"tags":[],"class_list":["post-260598","post","type-post","status-publish","format-standard","has-post-thumbnail","hentry","category-noticias"],"_links":{"self":[{"href":"https:\/\/ugel04.gob.pe\/home\/wp-json\/wp\/v2\/posts\/260598","targetHints":{"allow":["GET"]}}],"collection":[{"href":"https:\/\/ugel04.gob.pe\/home\/wp-json\/wp\/v2\/posts"}],"about":[{"href":"https:\/\/ugel04.gob.pe\/home\/wp-json\/wp\/v2\/types\/post"}],"author":[{"embeddable":true,"href":"https:\/\/ugel04.gob.pe\/home\/wp-json\/wp\/v2\/users\/1"}],"replies":[{"embeddable":true,"href":"https:\/\/ugel04.gob.pe\/home\/wp-json\/wp\/v2\/comments?post=260598"}],"version-history":[{"count":3,"href":"https:\/\/ugel04.gob.pe\/home\/wp-json\/wp\/v2\/posts\/260598\/revisions"}],"predecessor-version":[{"id":260602,"href":"https:\/\/ugel04.gob.pe\/home\/wp-json\/wp\/v2\/posts\/260598\/revisions\/260602"}],"wp:featuredmedia":[{"embeddable":true,"href":"https:\/\/ugel04.gob.pe\/home\/wp-json\/wp\/v2\/media\/260599"}],"wp:attachment":[{"href":"https:\/\/ugel04.gob.pe\/home\/wp-json\/wp\/v2\/media?parent=260598"}],"wp:term":[{"taxonomy":"category","embeddable":true,"href":"https:\/\/ugel04.gob.pe\/home\/wp-json\/wp\/v2\/categories?post=260598"},{"taxonomy":"post_tag","embeddable":true,"href":"https:\/\/ugel04.gob.pe\/home\/wp-json\/wp\/v2\/tags?post=260598"}],"curies":[{"name":"wp","href":"https:\/\/api.w.org\/{rel}","templated":true}]}}