{"id":260570,"date":"2025-10-27T14:56:04","date_gmt":"2025-10-27T19:56:04","guid":{"rendered":"https:\/\/ugel04.gob.pe\/home\/?p=260570"},"modified":"2025-10-27T14:56:38","modified_gmt":"2025-10-27T19:56:38","slug":"estudiantes-de-eba-participan-en-vii-congreso-internacional-organizado-por-la-ugel-04","status":"publish","type":"post","link":"https:\/\/ugel04.gob.pe\/home\/estudiantes-de-eba-participan-en-vii-congreso-internacional-organizado-por-la-ugel-04\/","title":{"rendered":"ESTUDIANTES DE EBA PARTICIPAN EN VII CONGRESO INTERNACIONAL ORGANIZADO POR LA UGEL 04"},"content":{"rendered":"<p>[et_pb_section fb_built=\u00bb1&#8243; theme_builder_area=\u00bbpost_content\u00bb _builder_version=\u00bb4.27.4&#8243; _module_preset=\u00bbdefault\u00bb da_is_popup=\u00bboff\u00bb da_exit_intent=\u00bboff\u00bb da_has_close=\u00bbon\u00bb da_alt_close=\u00bboff\u00bb da_dark_close=\u00bboff\u00bb da_not_modal=\u00bbon\u00bb da_is_singular=\u00bboff\u00bb da_with_loader=\u00bboff\u00bb da_has_shadow=\u00bbon\u00bb da_disable_devices=\u00bboff|off|off\u00bb][et_pb_row _builder_version=\u00bb4.27.4&#8243; _module_preset=\u00bbdefault\u00bb theme_builder_area=\u00bbpost_content\u00bb][et_pb_column _builder_version=\u00bb4.27.4&#8243; _module_preset=\u00bbdefault\u00bb type=\u00bb4_4&#8243; theme_builder_area=\u00bbpost_content\u00bb][et_pb_text _builder_version=\u00bb4.27.4&#8243; _module_preset=\u00bbdefault\u00bb theme_builder_area=\u00bbpost_content\u00bb hover_enabled=\u00bb0&#8243; sticky_enabled=\u00bb0&#8243;]<\/p>\n<p>Estudiantes j\u00f3venes y adultos de las siete UGEL de nuestra ciudad capital, compartieron ideas y experiencias orientadas a construir comunidades educativas inclusivas, saludables y sostenibles, durante el VII Congreso Internacional de Estudiantes EBA de Lima Metropolitana, denominado \u201cVoces de la EBA para el Buen Vivir: impulsamos una educaci\u00f3n que acompa\u00f1a cada etapa de la vida\u201d.<\/p>\n<p>El encuentro tuvo como finalidad fomentar la reflexi\u00f3n cr\u00edtica, el di\u00e1logo participativo y el intercambio de experiencias entre los estudiantes l\u00edderes de los Centros de Educaci\u00f3n B\u00e1sica Alternativa (CEBA), en el marco de la Pol\u00edtica Educativa Regional 3: Instituciones educativas que aseguran el Buen Vivir.<\/p>\n<p>Este espacio permiti\u00f3 debatir sobre las pr\u00e1cticas y logros alcanzados durante el a\u00f1o, as\u00ed como identificar desaf\u00edos y proponer soluciones que fortalezcan la EBA en cada territorio.<\/p>\n<p>El congreso cont\u00f3 con la participaci\u00f3n de ponentes internacionales de El Salvador, Paraguay y CapLab Per\u00fa, quienes compartieron valiosas experiencias sobre educaci\u00f3n inclusiva y aprendizaje a lo largo de la vida, enriqueciendo el di\u00e1logo y la colaboraci\u00f3n entre naciones comprometidas con una educaci\u00f3n que transforma realidades y promueve el desarrollo humano integral.<\/p>\n<p>El evento, realizado en el auditorio de la Universidad Tecnol\u00f3gica del Per\u00fa (UTP), cont\u00f3 con la presencia de la directora de la UGEL 04, Nelly Cunza Pr\u00edncipe, y del director regional de Educaci\u00f3n de Lima Metropolitana, Marcos Tupayachi, quienes reafirmaron su compromiso de fortalecer la educaci\u00f3n de calidad que promueva el desarrollo integral de los estudiantes.<\/p>\n<p>Cabe resaltar la participaci\u00f3n de los especialistas de AGEBATP de la UGEL 04, organizadores del congreso, quienes brindaron una c\u00e1lida bienvenida a los participantes y guiaron el desarrollo del programa, destacando la importancia de este espacio de encuentro, aprendizaje y cooperaci\u00f3n educativa.<\/p>\n<p>[\/et_pb_text][\/et_pb_column][\/et_pb_row][\/et_pb_section]<\/p>\n","protected":false},"excerpt":{"rendered":"<p>Estudiantes j\u00f3venes y adultos de las siete UGEL de nuestra ciudad capital, compartieron ideas y experiencias orientadas a construir comunidades educativas inclusivas, saludables y sostenibles, durante el VII Congreso Internacional [&hellip;]<\/p>\n","protected":false},"author":1,"featured_media":260571,"comment_status":"open","ping_status":"open","sticky":false,"template":"","format":"standard","meta":{"_et_pb_use_builder":"on","_et_pb_old_content":"","_et_gb_content_width":"1080","footnotes":""},"categories":[10],"tags":[],"class_list":["post-260570","post","type-post","status-publish","format-standard","has-post-thumbnail","hentry","category-noticias"],"_links":{"self":[{"href":"https:\/\/ugel04.gob.pe\/home\/wp-json\/wp\/v2\/posts\/260570","targetHints":{"allow":["GET"]}}],"collection":[{"href":"https:\/\/ugel04.gob.pe\/home\/wp-json\/wp\/v2\/posts"}],"about":[{"href":"https:\/\/ugel04.gob.pe\/home\/wp-json\/wp\/v2\/types\/post"}],"author":[{"embeddable":true,"href":"https:\/\/ugel04.gob.pe\/home\/wp-json\/wp\/v2\/users\/1"}],"replies":[{"embeddable":true,"href":"https:\/\/ugel04.gob.pe\/home\/wp-json\/wp\/v2\/comments?post=260570"}],"version-history":[{"count":2,"href":"https:\/\/ugel04.gob.pe\/home\/wp-json\/wp\/v2\/posts\/260570\/revisions"}],"predecessor-version":[{"id":260573,"href":"https:\/\/ugel04.gob.pe\/home\/wp-json\/wp\/v2\/posts\/260570\/revisions\/260573"}],"wp:featuredmedia":[{"embeddable":true,"href":"https:\/\/ugel04.gob.pe\/home\/wp-json\/wp\/v2\/media\/260571"}],"wp:attachment":[{"href":"https:\/\/ugel04.gob.pe\/home\/wp-json\/wp\/v2\/media?parent=260570"}],"wp:term":[{"taxonomy":"category","embeddable":true,"href":"https:\/\/ugel04.gob.pe\/home\/wp-json\/wp\/v2\/categories?post=260570"},{"taxonomy":"post_tag","embeddable":true,"href":"https:\/\/ugel04.gob.pe\/home\/wp-json\/wp\/v2\/tags?post=260570"}],"curies":[{"name":"wp","href":"https:\/\/api.w.org\/{rel}","templated":true}]}}