{"id":260558,"date":"2025-10-24T16:21:47","date_gmt":"2025-10-24T21:21:47","guid":{"rendered":"https:\/\/ugel04.gob.pe\/home\/?p=260558"},"modified":"2025-10-24T16:40:07","modified_gmt":"2025-10-24T21:40:07","slug":"estudiantes-con-discapacidad-visual-participan-en-maraton-inclusiva","status":"publish","type":"post","link":"https:\/\/ugel04.gob.pe\/home\/estudiantes-con-discapacidad-visual-participan-en-maraton-inclusiva\/","title":{"rendered":"ESTUDIANTES CON DISCAPACIDAD VISUAL PARTICIPAN EN MARAT\u00d3N INCLUSIVA"},"content":{"rendered":"<p>[et_pb_section fb_built=\u00bb1&#8243; _builder_version=\u00bb4.27.4&#8243; _module_preset=\u00bbdefault\u00bb da_disable_devices=\u00bboff|off|off\u00bb global_colors_info=\u00bb{}\u00bb da_is_popup=\u00bboff\u00bb da_exit_intent=\u00bboff\u00bb da_has_close=\u00bbon\u00bb da_alt_close=\u00bboff\u00bb da_dark_close=\u00bboff\u00bb da_not_modal=\u00bbon\u00bb da_is_singular=\u00bboff\u00bb da_with_loader=\u00bboff\u00bb da_has_shadow=\u00bbon\u00bb][et_pb_row _builder_version=\u00bb4.27.4&#8243; _module_preset=\u00bbdefault\u00bb global_colors_info=\u00bb{}\u00bb][et_pb_column type=\u00bb4_4&#8243; _builder_version=\u00bb4.27.4&#8243; _module_preset=\u00bbdefault\u00bb global_colors_info=\u00bb{}\u00bb][et_pb_text _builder_version=\u00bb4.27.4&#8243; _module_preset=\u00bbdefault\u00bb global_colors_info=\u00bb{}\u00bb]<\/p>\n<p style=\"text-align: justify;\"><strong>Como parte de las actividades conmemorativas por el D\u00eda de la Educaci\u00f3n Inclusiva, la Instituci\u00f3n Educativa Especial Luis Braille de Comas, en coordinaci\u00f3n con la Municipalidad Distrital de Comas y con el respaldo de la UGEL N.\u00ba 04, desarroll\u00f3 una nueva edici\u00f3n de la tradicional Marat\u00f3n Inclusiva, evento que promueve la participaci\u00f3n activa y el empoderamiento de las personas con discapacidad visual.<\/strong><\/p>\n<p style=\"text-align: justify;\">Durante el recorrido, decenas de estudiantes con discapacidad visual, acompa\u00f1ados de sus gu\u00edas, recorrieron con entusiasmo aproximadamente 3 kil\u00f3metros por las principales avenidas de Comas, demostrando que la discapacidad no es un l\u00edmite para alcanzar grandes metas.<\/p>\n<p style=\"text-align: justify;\">El director de la instituci\u00f3n, Alfredo Z\u00e1rate, expres\u00f3 su agradecimiento a los participantes y aliados estrat\u00e9gicos, destacando el compromiso de la comunidad educativa con la inclusi\u00f3n y la promoci\u00f3n del deporte adaptado.<\/p>\n<p style=\"text-align: justify;\">El punto de partida fue la Av. El Maestro Peruano, continuando por la Av. Carabayllo y girando por la Av. M\u00e9xico, en un recorrido que simboliz\u00f3 el esfuerzo y la perseverancia de cada corredor por alcanzar su meta.<\/p>\n<p style=\"text-align: justify;\">Al culminar el circuito, los participantes celebraron con alegr\u00eda haber cruzado la l\u00ednea de llegada, reafirmando que no existen barreras cuando se corre con el coraz\u00f3n.<\/p>\n<p style=\"text-align: justify;\">La UGEL N.\u00ba 04 reafirma su compromiso con una educaci\u00f3n inclusiva y de calidad, impulsando actividades que fortalezcan la participaci\u00f3n, el respeto y la igualdad de oportunidades para todas las personas.<\/p>\n<p>[\/et_pb_text][\/et_pb_column][\/et_pb_row][\/et_pb_section]<\/p>\n","protected":false},"excerpt":{"rendered":"<p>Como parte de las actividades conmemorativas por el D\u00eda de la Educaci\u00f3n Inclusiva, la Instituci\u00f3n Educativa Especial Luis Braille de Comas, en coordinaci\u00f3n con la Municipalidad Distrital de Comas y [&hellip;]<\/p>\n","protected":false},"author":1,"featured_media":260559,"comment_status":"closed","ping_status":"open","sticky":false,"template":"","format":"standard","meta":{"_et_pb_use_builder":"on","_et_pb_old_content":"","_et_gb_content_width":"1080","footnotes":""},"categories":[10],"tags":[],"class_list":["post-260558","post","type-post","status-publish","format-standard","has-post-thumbnail","hentry","category-noticias"],"_links":{"self":[{"href":"https:\/\/ugel04.gob.pe\/home\/wp-json\/wp\/v2\/posts\/260558","targetHints":{"allow":["GET"]}}],"collection":[{"href":"https:\/\/ugel04.gob.pe\/home\/wp-json\/wp\/v2\/posts"}],"about":[{"href":"https:\/\/ugel04.gob.pe\/home\/wp-json\/wp\/v2\/types\/post"}],"author":[{"embeddable":true,"href":"https:\/\/ugel04.gob.pe\/home\/wp-json\/wp\/v2\/users\/1"}],"replies":[{"embeddable":true,"href":"https:\/\/ugel04.gob.pe\/home\/wp-json\/wp\/v2\/comments?post=260558"}],"version-history":[{"count":3,"href":"https:\/\/ugel04.gob.pe\/home\/wp-json\/wp\/v2\/posts\/260558\/revisions"}],"predecessor-version":[{"id":260562,"href":"https:\/\/ugel04.gob.pe\/home\/wp-json\/wp\/v2\/posts\/260558\/revisions\/260562"}],"wp:featuredmedia":[{"embeddable":true,"href":"https:\/\/ugel04.gob.pe\/home\/wp-json\/wp\/v2\/media\/260559"}],"wp:attachment":[{"href":"https:\/\/ugel04.gob.pe\/home\/wp-json\/wp\/v2\/media?parent=260558"}],"wp:term":[{"taxonomy":"category","embeddable":true,"href":"https:\/\/ugel04.gob.pe\/home\/wp-json\/wp\/v2\/categories?post=260558"},{"taxonomy":"post_tag","embeddable":true,"href":"https:\/\/ugel04.gob.pe\/home\/wp-json\/wp\/v2\/tags?post=260558"}],"curies":[{"name":"wp","href":"https:\/\/api.w.org\/{rel}","templated":true}]}}