{"id":260546,"date":"2025-10-23T16:23:48","date_gmt":"2025-10-23T21:23:48","guid":{"rendered":"https:\/\/ugel04.gob.pe\/home\/?p=260546"},"modified":"2025-10-24T08:28:35","modified_gmt":"2025-10-24T13:28:35","slug":"ugel-04-impulsa-movilizacion-interna-por-la-convivencia-escolar-un-peru-unido-empieza-contigo","status":"publish","type":"post","link":"https:\/\/ugel04.gob.pe\/home\/ugel-04-impulsa-movilizacion-interna-por-la-convivencia-escolar-un-peru-unido-empieza-contigo\/","title":{"rendered":"UGEL 04 IMPULSA MOVILIZACI\u00d3N INTERNA POR LA CONVIVENCIA ESCOLAR \u201cUN PER\u00da UNIDO EMPIEZA CONTIGO"},"content":{"rendered":"<p>[et_pb_section fb_built=\u00bb1&#8243; theme_builder_area=\u00bbpost_content\u00bb _builder_version=\u00bb4.27.4&#8243; _module_preset=\u00bbdefault\u00bb da_is_popup=\u00bboff\u00bb da_exit_intent=\u00bboff\u00bb da_has_close=\u00bbon\u00bb da_alt_close=\u00bboff\u00bb da_dark_close=\u00bboff\u00bb da_not_modal=\u00bbon\u00bb da_is_singular=\u00bboff\u00bb da_with_loader=\u00bboff\u00bb da_has_shadow=\u00bbon\u00bb da_disable_devices=\u00bboff|off|off\u00bb][et_pb_row _builder_version=\u00bb4.27.4&#8243; _module_preset=\u00bbdefault\u00bb theme_builder_area=\u00bbpost_content\u00bb][et_pb_column _builder_version=\u00bb4.27.4&#8243; _module_preset=\u00bbdefault\u00bb type=\u00bb4_4&#8243; theme_builder_area=\u00bbpost_content\u00bb][et_pb_text _builder_version=\u00bb4.27.4&#8243; _module_preset=\u00bbdefault\u00bb theme_builder_area=\u00bbpost_content\u00bb hover_enabled=\u00bb0&#8243; sticky_enabled=\u00bb0&#8243;]<\/p>\n<p><strong>Con el prop\u00f3sito de fortalecer la convivencia escolar y promover el respeto, la empat\u00eda y la unidad entre los estudiantes, la UGEL 04 desarroll\u00f3 la movilizaci\u00f3n interna por la convivencia Escolar Un Per\u00fa Unido Empieza Contigo en la Instituci\u00f3n Educativa Carlos Wisse, del distrito de Comas.<\/strong><\/p>\n<p>El evento fue inaugurado por la directora de la UGEL 04, Nelly Cunza Pr\u00edncipe, quien dirigi\u00f3 un mensaje motivador a los estudiantes, alent\u00e1ndolos a construir una comunidad educativa basada en el respeto y la solidaridad.<\/p>\n<p>Un Per\u00fa unido empieza con cada uno de ustedes. La convivencia escolar se construye d\u00eda a d\u00eda, con respeto, di\u00e1logo y empat\u00eda, destac\u00f3 la directora durante su intervenci\u00f3n.<\/p>\n<p>La actividad fue organizada por la UGEL 04, en coordinaci\u00f3n con la Direcci\u00f3n Regional de Educaci\u00f3n de Lima Metropolitana (DRELM) y el Ministerio de Educaci\u00f3n, con el apoyo de diversas instituciones aliadas como el Programa Juntos, el Centro de Emergencia Mujer de Comas, la DIRIS Lima Norte, la ONG Plan Internacional \u2013 Aprender Sin Barreras, el ATU, el Ministerio de la Mujer y Poblaciones Vulnerables, el CECIP y las comisar\u00edas de T\u00fapac Amaru y La Pascana.<\/p>\n<p>La coordinaci\u00f3n general estuvo a cargo del especialista de ASGESE de la UGEL 04, Uriel Boza, quien junto a la directora de la IE Carlos Vice, Luz Allende, y su equipo docente, desarroll\u00f3 la feria informativa, promoviendo el compromiso de las instituciones educativas y aliados estrat\u00e9gicos en la construcci\u00f3n de entornos escolares seguros y respetuosos.<\/p>\n<p>De manera simult\u00e1nea, esta movilizaci\u00f3n se realiz\u00f3 en 45 instituciones educativas del \u00e1mbito de la UGEL 04, entre ellas los colegios Jes\u00fas Obrero, Jorge Ch\u00e1vez, Rep\u00fablica de Cuba (N.\u00ba 2040), T\u00fapac Amaru, Cerr\u00f3n, 2081 Per\u00fa Suiza, 3065 y 3066, entre otros.<\/p>\n<p>El encuentro se llev\u00f3 a cabo en el patio principal de la instituci\u00f3n, donde los estudiantes del nivel secundario participaron activamente junto a sus docentes en din\u00e1micas y reflexiones orientadas a fortalecer los valores y la sana convivencia en la escuela.<\/p>\n<p>[\/et_pb_text][\/et_pb_column][\/et_pb_row][\/et_pb_section]<\/p>\n","protected":false},"excerpt":{"rendered":"<p>Con el prop\u00f3sito de fortalecer la convivencia escolar y promover el respeto, la empat\u00eda y la unidad entre los estudiantes, la UGEL 04 desarroll\u00f3 la movilizaci\u00f3n interna por la convivencia [&hellip;]<\/p>\n","protected":false},"author":1,"featured_media":260547,"comment_status":"open","ping_status":"open","sticky":false,"template":"","format":"standard","meta":{"_et_pb_use_builder":"on","_et_pb_old_content":"","_et_gb_content_width":"","footnotes":""},"categories":[10],"tags":[],"class_list":["post-260546","post","type-post","status-publish","format-standard","has-post-thumbnail","hentry","category-noticias"],"_links":{"self":[{"href":"https:\/\/ugel04.gob.pe\/home\/wp-json\/wp\/v2\/posts\/260546","targetHints":{"allow":["GET"]}}],"collection":[{"href":"https:\/\/ugel04.gob.pe\/home\/wp-json\/wp\/v2\/posts"}],"about":[{"href":"https:\/\/ugel04.gob.pe\/home\/wp-json\/wp\/v2\/types\/post"}],"author":[{"embeddable":true,"href":"https:\/\/ugel04.gob.pe\/home\/wp-json\/wp\/v2\/users\/1"}],"replies":[{"embeddable":true,"href":"https:\/\/ugel04.gob.pe\/home\/wp-json\/wp\/v2\/comments?post=260546"}],"version-history":[{"count":3,"href":"https:\/\/ugel04.gob.pe\/home\/wp-json\/wp\/v2\/posts\/260546\/revisions"}],"predecessor-version":[{"id":260554,"href":"https:\/\/ugel04.gob.pe\/home\/wp-json\/wp\/v2\/posts\/260546\/revisions\/260554"}],"wp:featuredmedia":[{"embeddable":true,"href":"https:\/\/ugel04.gob.pe\/home\/wp-json\/wp\/v2\/media\/260547"}],"wp:attachment":[{"href":"https:\/\/ugel04.gob.pe\/home\/wp-json\/wp\/v2\/media?parent=260546"}],"wp:term":[{"taxonomy":"category","embeddable":true,"href":"https:\/\/ugel04.gob.pe\/home\/wp-json\/wp\/v2\/categories?post=260546"},{"taxonomy":"post_tag","embeddable":true,"href":"https:\/\/ugel04.gob.pe\/home\/wp-json\/wp\/v2\/tags?post=260546"}],"curies":[{"name":"wp","href":"https:\/\/api.w.org\/{rel}","templated":true}]}}