{"id":260541,"date":"2025-10-22T17:18:05","date_gmt":"2025-10-22T22:18:05","guid":{"rendered":"https:\/\/ugel04.gob.pe\/home\/?p=260541"},"modified":"2025-10-22T17:18:33","modified_gmt":"2025-10-22T22:18:33","slug":"ugel-04-fue-sede-del-encuentro-pedagogico-por-los-36-anos-de-centros-de-recursos-para-el-aprendizaje-de-educacion-inicial-craei","status":"publish","type":"post","link":"https:\/\/ugel04.gob.pe\/home\/ugel-04-fue-sede-del-encuentro-pedagogico-por-los-36-anos-de-centros-de-recursos-para-el-aprendizaje-de-educacion-inicial-craei\/","title":{"rendered":"UGEL 04 FUE SEDE DEL ENCUENTRO PEDAG\u00d3GICO POR LOS 36 A\u00d1OS DE CENTROS DE RECURSOS PARA EL APRENDIZAJE DE EDUCACI\u00d3N INICIAL (CRAEI)"},"content":{"rendered":"<p>[et_pb_section fb_built=\u00bb1&#8243; theme_builder_area=\u00bbpost_content\u00bb _builder_version=\u00bb4.27.4&#8243; _module_preset=\u00bbdefault\u00bb da_is_popup=\u00bboff\u00bb da_exit_intent=\u00bboff\u00bb da_has_close=\u00bbon\u00bb da_alt_close=\u00bboff\u00bb da_dark_close=\u00bboff\u00bb da_not_modal=\u00bbon\u00bb da_is_singular=\u00bboff\u00bb da_with_loader=\u00bboff\u00bb da_has_shadow=\u00bbon\u00bb da_disable_devices=\u00bboff|off|off\u00bb][et_pb_row _builder_version=\u00bb4.27.4&#8243; _module_preset=\u00bbdefault\u00bb theme_builder_area=\u00bbpost_content\u00bb][et_pb_column _builder_version=\u00bb4.27.4&#8243; _module_preset=\u00bbdefault\u00bb type=\u00bb4_4&#8243; theme_builder_area=\u00bbpost_content\u00bb][et_pb_text _builder_version=\u00bb4.27.4&#8243; _module_preset=\u00bbdefault\u00bb theme_builder_area=\u00bbpost_content\u00bb hover_enabled=\u00bb0&#8243; sticky_enabled=\u00bb0&#8243;]<\/p>\n<p><strong>Con el objetivo de fortalecer el trabajo articulado entre los equipos de los Centros de Recursos para el Aprendizaje de Educaci\u00f3n Inicial (CRAEI) y difundir las experiencias exitosas que contribuyen a mejorar los aprendizajes en la primera infancia, la UGEL 04 fue sede del encuentro pedag\u00f3gico interinstitucional que conmemor\u00f3 los 36 a\u00f1os de creaci\u00f3n de los CRAEI y reuni\u00f3 a los equipos de las UGEL 03, 04 y 07 de Lima Metropolitana<\/strong>.<\/p>\n<p>La jornada cont\u00f3 con la participaci\u00f3n de la directora de la UGEL 04, Mg. Nelly Cunza Pr\u00edncipe, quien acompa\u00f1\u00f3 a las especialistas y coordinadoras del CRAEI durante una intensa sesi\u00f3n de intercambio de buenas pr\u00e1cticas, avances y estrategias pedag\u00f3gicas implementadas en las distintas jurisdicciones.<\/p>\n<p>La docente Ana Mar\u00eda Huam\u00e1n present\u00f3 la experiencia del trabajo itinerante, una estrategia que consiste en llevar talleres y asistencia t\u00e9cnica a las comunidades m\u00e1s alejadas, promoviendo una atenci\u00f3n educativa m\u00e1s inclusiva y equitativa.<\/p>\n<p>\u201cVenimos realizando un trabajo articulado con AGEBRE, fortaleciendo las capacidades de nuestras profesoras coordinadoras y promotoras educativas. El trabajo itinerante nos permite salir a zonas m\u00e1s distantes, brindar talleres a familias y ofrecer asistencia t\u00e9cnica a las coordinadoras. Este encuentro nos permite compartir los avances logrados tras la post pandemia, reflexionar sobre los aspectos que debemos mejorar y proyectar nuevos retos, como la incorporaci\u00f3n de la tecnolog\u00eda para que este servicio llegue a m\u00e1s personas\u201d, expres\u00f3 la docente Huam\u00e1n.<\/p>\n<p>Asimismo, destac\u00f3 el acompa\u00f1amiento institucional durante la jornada:<\/p>\n<p>\u201cNos sentimos muy contentas y agradecidas por la presencia del jefe de AGEBRE y la directora de la UGEL 04. Es la primera vez, en 36 a\u00f1os, que una directora nos acompa\u00f1a en este tipo de actividad, junto a las especialistas de Educaci\u00f3n Inicial de AGEBRE, su respaldo fortalece nuestro compromiso y nos motiva a seguir mejorando el servicio que brindamos\u201d, a\u00f1adi\u00f3.<\/p>\n<p>El encuentro permiti\u00f3 visibilizar los logros alcanzados tras el retorno a la presencialidad y proyectar acciones conjuntas orientadas a fortalecer los aprendizajes en la primera infancia. El cronograma de actividades continuar\u00e1 con pasant\u00edas pedag\u00f3gicas en las UGEL 07 y 03, donde se recoger\u00e1n conclusiones y propuestas de mejora para consolidar el trabajo articulado de los CRAEI el pr\u00f3ximo a\u00f1o.<\/p>\n<p>Cabe resaltar que, actualmente, solo tres UGEL de Lima Metropolitana \u2014la 03, 04 y 07\u2014 cuentan con plazas activas y presupuesto asignado para el funcionamiento de sus Centros de Recursos, luego de reestructuraciones realizadas en a\u00f1os anteriores.<\/p>\n<p>[\/et_pb_text][\/et_pb_column][\/et_pb_row][\/et_pb_section]<\/p>\n","protected":false},"excerpt":{"rendered":"<p>Con el objetivo de fortalecer el trabajo articulado entre los equipos de los Centros de Recursos para el Aprendizaje de Educaci\u00f3n Inicial (CRAEI) y difundir las experiencias exitosas que contribuyen [&hellip;]<\/p>\n","protected":false},"author":1,"featured_media":260542,"comment_status":"closed","ping_status":"closed","sticky":false,"template":"","format":"standard","meta":{"_et_pb_use_builder":"on","_et_pb_old_content":"","_et_gb_content_width":"","footnotes":""},"categories":[10],"tags":[],"class_list":["post-260541","post","type-post","status-publish","format-standard","has-post-thumbnail","hentry","category-noticias"],"_links":{"self":[{"href":"https:\/\/ugel04.gob.pe\/home\/wp-json\/wp\/v2\/posts\/260541","targetHints":{"allow":["GET"]}}],"collection":[{"href":"https:\/\/ugel04.gob.pe\/home\/wp-json\/wp\/v2\/posts"}],"about":[{"href":"https:\/\/ugel04.gob.pe\/home\/wp-json\/wp\/v2\/types\/post"}],"author":[{"embeddable":true,"href":"https:\/\/ugel04.gob.pe\/home\/wp-json\/wp\/v2\/users\/1"}],"replies":[{"embeddable":true,"href":"https:\/\/ugel04.gob.pe\/home\/wp-json\/wp\/v2\/comments?post=260541"}],"version-history":[{"count":2,"href":"https:\/\/ugel04.gob.pe\/home\/wp-json\/wp\/v2\/posts\/260541\/revisions"}],"predecessor-version":[{"id":260544,"href":"https:\/\/ugel04.gob.pe\/home\/wp-json\/wp\/v2\/posts\/260541\/revisions\/260544"}],"wp:featuredmedia":[{"embeddable":true,"href":"https:\/\/ugel04.gob.pe\/home\/wp-json\/wp\/v2\/media\/260542"}],"wp:attachment":[{"href":"https:\/\/ugel04.gob.pe\/home\/wp-json\/wp\/v2\/media?parent=260541"}],"wp:term":[{"taxonomy":"category","embeddable":true,"href":"https:\/\/ugel04.gob.pe\/home\/wp-json\/wp\/v2\/categories?post=260541"},{"taxonomy":"post_tag","embeddable":true,"href":"https:\/\/ugel04.gob.pe\/home\/wp-json\/wp\/v2\/tags?post=260541"}],"curies":[{"name":"wp","href":"https:\/\/api.w.org\/{rel}","templated":true}]}}