{"id":260537,"date":"2025-10-22T14:51:07","date_gmt":"2025-10-22T19:51:07","guid":{"rendered":"https:\/\/ugel04.gob.pe\/home\/?p=260537"},"modified":"2025-10-22T14:51:08","modified_gmt":"2025-10-22T19:51:08","slug":"ugel-04-convoca-a-estudiantes-de-40-colegios-para-abordar-el-uso-de-celulares-en-el-marco-de-la-ley-n-32385","status":"publish","type":"post","link":"https:\/\/ugel04.gob.pe\/home\/ugel-04-convoca-a-estudiantes-de-40-colegios-para-abordar-el-uso-de-celulares-en-el-marco-de-la-ley-n-32385\/","title":{"rendered":"UGEL 04 CONVOCA A ESTUDIANTES DE 40 COLEGIOS PARA ABORDAR EL USO DE CELULARES EN EL MARCO DE LA LEY N.\u00b0 32385"},"content":{"rendered":"<p>[et_pb_section fb_built=\u00bb1&#8243; theme_builder_area=\u00bbpost_content\u00bb _builder_version=\u00bb4.27.4&#8243; _module_preset=\u00bbdefault\u00bb da_is_popup=\u00bboff\u00bb da_exit_intent=\u00bboff\u00bb da_has_close=\u00bbon\u00bb da_alt_close=\u00bboff\u00bb da_dark_close=\u00bboff\u00bb da_not_modal=\u00bbon\u00bb da_is_singular=\u00bboff\u00bb da_with_loader=\u00bboff\u00bb da_has_shadow=\u00bbon\u00bb da_disable_devices=\u00bboff|off|off\u00bb][et_pb_row _builder_version=\u00bb4.27.4&#8243; _module_preset=\u00bbdefault\u00bb theme_builder_area=\u00bbpost_content\u00bb][et_pb_column _builder_version=\u00bb4.27.4&#8243; _module_preset=\u00bbdefault\u00bb type=\u00bb4_4&#8243; theme_builder_area=\u00bbpost_content\u00bb][et_pb_text _builder_version=\u00bb4.27.4&#8243; _module_preset=\u00bbdefault\u00bb theme_builder_area=\u00bbpost_content\u00bb hover_enabled=\u00bb0&#8243; sticky_enabled=\u00bb0&#8243;]<\/p>\n<p style=\"text-align: justify;\"><strong>Con el prop\u00f3sito de recoger la opini\u00f3n de los estudiantes sobre la nueva norma que regula el uso de tel\u00e9fonos celulares en las instituciones educativas, la UGEL 04, a trav\u00e9s del \u00e1rea de AGEBRE, realiz\u00f3 una importante reuni\u00f3n con los alcaldes escolares de nuestra jurisdicci\u00f3n.<\/strong><\/p>\n<p style=\"text-align: justify;\"><span>El encuentro, organizado por el Ministerio de Educaci\u00f3n, se desarroll\u00f3 en el auditorio de la Instituci\u00f3n Educativa 2026 Sim\u00f3n Bol\u00edvar y reuni\u00f3 a j\u00f3venes l\u00edderes de 40 instituciones p\u00fablicas focalizadas, acompa\u00f1ados por sus docentes.<\/span><\/p>\n<p style=\"text-align: justify;\"><span>Durante la jornada, los participantes expresaron sus percepciones sobre el uso responsable de los dispositivos m\u00f3viles en el entorno escolar, aportando ideas y reflexiones que contribuir\u00e1n a la reglamentaci\u00f3n de la Ley N.\u00b0 32385, la cual regula el uso de celulares en los programas e instituciones de Educaci\u00f3n B\u00e1sica.<\/span><\/p>\n<p style=\"text-align: justify;\"><span>La apertura del evento estuvo a cargo del jefe de AGEBRE, Jhony Ventura, quien destac\u00f3 la importancia de generar espacios donde se escuche la voz de los estudiantes. Asimismo, el especialista Ren\u00e9 Y\u00e9pez condujo la charla informativa, en la que tambi\u00e9n se abordaron temas sobre prevenci\u00f3n de la delincuencia juvenil y fortalecimiento de la participaci\u00f3n estudiantil a trav\u00e9s de la iniciativa \u201cMi voz importa\u201d.<\/span><\/p>\n<p style=\"text-align: justify;\"><span>La Ley N.\u00b0 32385 tiene como finalidad mejorar el rendimiento acad\u00e9mico, reducir la sobreexposici\u00f3n a internet y el ciberacoso, prevenir riesgos en la salud mental y fomentar un ambiente escolar saludable. La norma restringe el uso de celulares durante el horario de clases, salvo con fines pedag\u00f3gicos autorizados por la instituci\u00f3n educativa.<\/span><\/p>\n<p>[\/et_pb_text][\/et_pb_column][\/et_pb_row][\/et_pb_section]<\/p>\n","protected":false},"excerpt":{"rendered":"<p>Con el prop\u00f3sito de recoger la opini\u00f3n de los estudiantes sobre la nueva norma que regula el uso de tel\u00e9fonos celulares en las instituciones educativas, la UGEL 04, a trav\u00e9s [&hellip;]<\/p>\n","protected":false},"author":1,"featured_media":260538,"comment_status":"closed","ping_status":"open","sticky":false,"template":"","format":"standard","meta":{"_et_pb_use_builder":"on","_et_pb_old_content":"","_et_gb_content_width":"1080","footnotes":""},"categories":[10],"tags":[],"class_list":["post-260537","post","type-post","status-publish","format-standard","has-post-thumbnail","hentry","category-noticias"],"_links":{"self":[{"href":"https:\/\/ugel04.gob.pe\/home\/wp-json\/wp\/v2\/posts\/260537","targetHints":{"allow":["GET"]}}],"collection":[{"href":"https:\/\/ugel04.gob.pe\/home\/wp-json\/wp\/v2\/posts"}],"about":[{"href":"https:\/\/ugel04.gob.pe\/home\/wp-json\/wp\/v2\/types\/post"}],"author":[{"embeddable":true,"href":"https:\/\/ugel04.gob.pe\/home\/wp-json\/wp\/v2\/users\/1"}],"replies":[{"embeddable":true,"href":"https:\/\/ugel04.gob.pe\/home\/wp-json\/wp\/v2\/comments?post=260537"}],"version-history":[{"count":2,"href":"https:\/\/ugel04.gob.pe\/home\/wp-json\/wp\/v2\/posts\/260537\/revisions"}],"predecessor-version":[{"id":260540,"href":"https:\/\/ugel04.gob.pe\/home\/wp-json\/wp\/v2\/posts\/260537\/revisions\/260540"}],"wp:featuredmedia":[{"embeddable":true,"href":"https:\/\/ugel04.gob.pe\/home\/wp-json\/wp\/v2\/media\/260538"}],"wp:attachment":[{"href":"https:\/\/ugel04.gob.pe\/home\/wp-json\/wp\/v2\/media?parent=260537"}],"wp:term":[{"taxonomy":"category","embeddable":true,"href":"https:\/\/ugel04.gob.pe\/home\/wp-json\/wp\/v2\/categories?post=260537"},{"taxonomy":"post_tag","embeddable":true,"href":"https:\/\/ugel04.gob.pe\/home\/wp-json\/wp\/v2\/tags?post=260537"}],"curies":[{"name":"wp","href":"https:\/\/api.w.org\/{rel}","templated":true}]}}