{"id":260529,"date":"2025-10-20T14:19:52","date_gmt":"2025-10-20T19:19:52","guid":{"rendered":"https:\/\/ugel04.gob.pe\/home\/?p=260529"},"modified":"2025-10-20T14:20:06","modified_gmt":"2025-10-20T19:20:06","slug":"directora-de-ugel-04-participa-en-apertura-de-moderna-escuela-bicentenario-2025-papa-leon-xiv","status":"publish","type":"post","link":"https:\/\/ugel04.gob.pe\/home\/directora-de-ugel-04-participa-en-apertura-de-moderna-escuela-bicentenario-2025-papa-leon-xiv\/","title":{"rendered":"DIRECTORA DE UGEL 04 PARTICIPA EN APERTURA DE  MODERNA ESCUELA BICENTENARIO 2025 PAPA LE\u00d3N XIV"},"content":{"rendered":"<p>[et_pb_section fb_built=\u00bb1&#8243; theme_builder_area=\u00bbpost_content\u00bb _builder_version=\u00bb4.27.4&#8243; _module_preset=\u00bbdefault\u00bb da_is_popup=\u00bboff\u00bb da_exit_intent=\u00bboff\u00bb da_has_close=\u00bbon\u00bb da_alt_close=\u00bboff\u00bb da_dark_close=\u00bboff\u00bb da_not_modal=\u00bbon\u00bb da_is_singular=\u00bboff\u00bb da_with_loader=\u00bboff\u00bb da_has_shadow=\u00bbon\u00bb da_disable_devices=\u00bboff|off|off\u00bb][et_pb_row _builder_version=\u00bb4.27.4&#8243; _module_preset=\u00bbdefault\u00bb theme_builder_area=\u00bbpost_content\u00bb][et_pb_column _builder_version=\u00bb4.27.4&#8243; _module_preset=\u00bbdefault\u00bb type=\u00bb4_4&#8243; theme_builder_area=\u00bbpost_content\u00bb][et_pb_text _builder_version=\u00bb4.27.4&#8243; _module_preset=\u00bbdefault\u00bb theme_builder_area=\u00bbpost_content\u00bb hover_enabled=\u00bb0&#8243; sticky_enabled=\u00bb0&#8243;]<\/p>\n<p><strong>En medio de gran entusiasmo, esta ma\u00f1ana se aperturaron las clases en la Instituci\u00f3n Educativa 2025 \u201cPapa Le\u00f3n XIV, del distrito de Carabayllo, tras la culminaci\u00f3n de la construcci\u00f3n de su moderna infraestructura.<\/strong><\/p>\n<p><span>La directora del plantel, Luz Riqueros, junto a la directora de la UGEL 04, Nelly Cunza Pr\u00edncipe, dieron la bienvenida a m\u00e1s de mil estudiantes del nivel primaria, quienes, acompa\u00f1ados por sus padres, ingresaron emocionados a su renovado colegio.<\/span><\/p>\n<p><span>El acto de apertura reuni\u00f3 a toda la comunidad educativa en el patio principal, donde los estudiantes, formados junto a sus maestros, escucharon las palabras de la directora Riqueros, quien expres\u00f3 su alegr\u00eda por iniciar una nueva etapa en un espacio moderno, seguro y acogedor.<\/span><\/p>\n<p><span>Por su parte, la directora de la UGEL 04, Nelly Cunza Pr\u00edncipe, destac\u00f3 la importancia de esta obra educativa y los beneficios que traer\u00e1 para los estudiantes del sector. La educaci\u00f3n es una inversi\u00f3n que transforma vidas. Aprovechen al m\u00e1ximo este nuevo plantel, cu\u00eddenlo y mant\u00e9nganlo limpio, demostrando los valores que aprenden en casa, se\u00f1al\u00f3.<\/span><\/p>\n<p><span>La instituci\u00f3n cuenta con una extensi\u00f3n de 4,900 m\u00b2, 35 aulas distribuidas en pabellones de hasta cuatro pisos, dos aulas de innovaci\u00f3n tecnol\u00f3gica, dos talleres creativos equipados, una sala de usos m\u00faltiples con capacidad para 300 personas, biblioteca, campo deportivo, espacio de cocina equipada, adem\u00e1s de mobiliario y equipamiento escolar de \u00faltima generaci\u00f3n.<\/span><\/p>\n<p>[\/et_pb_text][\/et_pb_column][\/et_pb_row][\/et_pb_section]<\/p>\n","protected":false},"excerpt":{"rendered":"<p>En medio de gran entusiasmo, esta ma\u00f1ana se aperturaron las clases en la Instituci\u00f3n Educativa 2025 \u201cPapa Le\u00f3n XIV, del distrito de Carabayllo, tras la culminaci\u00f3n de la construcci\u00f3n de [&hellip;]<\/p>\n","protected":false},"author":1,"featured_media":260530,"comment_status":"closed","ping_status":"closed","sticky":false,"template":"","format":"standard","meta":{"_et_pb_use_builder":"on","_et_pb_old_content":"","_et_gb_content_width":"","footnotes":""},"categories":[10],"tags":[],"class_list":["post-260529","post","type-post","status-publish","format-standard","has-post-thumbnail","hentry","category-noticias"],"_links":{"self":[{"href":"https:\/\/ugel04.gob.pe\/home\/wp-json\/wp\/v2\/posts\/260529","targetHints":{"allow":["GET"]}}],"collection":[{"href":"https:\/\/ugel04.gob.pe\/home\/wp-json\/wp\/v2\/posts"}],"about":[{"href":"https:\/\/ugel04.gob.pe\/home\/wp-json\/wp\/v2\/types\/post"}],"author":[{"embeddable":true,"href":"https:\/\/ugel04.gob.pe\/home\/wp-json\/wp\/v2\/users\/1"}],"replies":[{"embeddable":true,"href":"https:\/\/ugel04.gob.pe\/home\/wp-json\/wp\/v2\/comments?post=260529"}],"version-history":[{"count":2,"href":"https:\/\/ugel04.gob.pe\/home\/wp-json\/wp\/v2\/posts\/260529\/revisions"}],"predecessor-version":[{"id":260532,"href":"https:\/\/ugel04.gob.pe\/home\/wp-json\/wp\/v2\/posts\/260529\/revisions\/260532"}],"wp:featuredmedia":[{"embeddable":true,"href":"https:\/\/ugel04.gob.pe\/home\/wp-json\/wp\/v2\/media\/260530"}],"wp:attachment":[{"href":"https:\/\/ugel04.gob.pe\/home\/wp-json\/wp\/v2\/media?parent=260529"}],"wp:term":[{"taxonomy":"category","embeddable":true,"href":"https:\/\/ugel04.gob.pe\/home\/wp-json\/wp\/v2\/categories?post=260529"},{"taxonomy":"post_tag","embeddable":true,"href":"https:\/\/ugel04.gob.pe\/home\/wp-json\/wp\/v2\/tags?post=260529"}],"curies":[{"name":"wp","href":"https:\/\/api.w.org\/{rel}","templated":true}]}}