{"id":260518,"date":"2025-10-17T17:08:25","date_gmt":"2025-10-17T22:08:25","guid":{"rendered":"https:\/\/ugel04.gob.pe\/home\/?p=260518"},"modified":"2025-10-17T17:08:33","modified_gmt":"2025-10-17T22:08:33","slug":"peip-entrega-obra-concluida-de-escuela-bicentenario-2025-papa-leon-xiv","status":"publish","type":"post","link":"https:\/\/ugel04.gob.pe\/home\/peip-entrega-obra-concluida-de-escuela-bicentenario-2025-papa-leon-xiv\/","title":{"rendered":"PEIP ENTREGA OBRA CONCLUIDA DE ESCUELA BICENTENARIO 2025 PAPA LE\u00d3N XIV"},"content":{"rendered":"<p>[et_pb_section fb_built=\u00bb1&#8243; theme_builder_area=\u00bbpost_content\u00bb _builder_version=\u00bb4.27.4&#8243; _module_preset=\u00bbdefault\u00bb da_is_popup=\u00bboff\u00bb da_exit_intent=\u00bboff\u00bb da_has_close=\u00bbon\u00bb da_alt_close=\u00bboff\u00bb da_dark_close=\u00bboff\u00bb da_not_modal=\u00bbon\u00bb da_is_singular=\u00bboff\u00bb da_with_loader=\u00bboff\u00bb da_has_shadow=\u00bbon\u00bb da_disable_devices=\u00bboff|off|off\u00bb][et_pb_row _builder_version=\u00bb4.27.4&#8243; _module_preset=\u00bbdefault\u00bb theme_builder_area=\u00bbpost_content\u00bb][et_pb_column _builder_version=\u00bb4.27.4&#8243; _module_preset=\u00bbdefault\u00bb type=\u00bb4_4&#8243; theme_builder_area=\u00bbpost_content\u00bb][et_pb_text _builder_version=\u00bb4.27.4&#8243; _module_preset=\u00bbdefault\u00bb theme_builder_area=\u00bbpost_content\u00bb hover_enabled=\u00bb0&#8243; sticky_enabled=\u00bb0&#8243;]<\/p>\n<p>En una sencilla pero emotiva ceremonia, representantes del Proyecto Especial de Inversi\u00f3n P\u00fablica Escuelas Bicentenario (PEIP), hicieron entrega de las llaves de la IE 2025 \u201cPapa Le\u00f3n XIV\u201d ubicada en Carabayllo -tras concluir la construcci\u00f3n de su moderna infraestructura-, a la directora del plantel Luz Riqueros y a la directora de la UGEL 04, Nelly Cunza Pr\u00edncipe.<\/p>\n<p>La cesi\u00f3n se oficializ\u00f3 previamente, con la firma del acta de conformidad de recepci\u00f3n de infraestructura, equipamiento, mobiliario, componente inform\u00e1tico, llaves y kit de herramientas de mantenimiento, por parte de las directoras Riqueros y Cunza, quedando de esta manera, expedita para su funcionamiento desde el pr\u00f3ximo lunes 20 de octubre del 2025.<\/p>\n<p>Cabe destacar que, la habilitaci\u00f3n de la IE 2025 Papa Le\u00f3n XIV, cuya sede anterior fue demolida en su totalidad, comprende una obra ejecutada en aproximadamente 12 meses, con edificaciones modernas y duraderas, 2 aulas de innovaci\u00f3n, 2 talleres creativos equipados, una sala de uso m\u00faltiple para 300 personas, biblioteca, un campo deportivo, espacio de cocina equipada; as\u00ed como, mobiliario y equipamiento escolar de vanguardia.<\/p>\n<p>La puesta en funcionamiento de la IE 2025, mejorar\u00e1 las condiciones de educaci\u00f3n de m\u00e1s de 1000 estudiantes del nivel primaria, distribuidos en un total de 35 aulas, en un \u00c1rea de 4900 m2, con pabellones de hasta cuatro pisos.<\/p>\n<p><strong>Agradecimiento de directora de UGEL 04<\/strong><\/p>\n<p>Durante su alocuci\u00f3n la directora Nelly Cunza, resalt\u00f3 el acierto del modelo bicentenario, cuyas obras destacan por su modernidad y corto tiempo de ejecuci\u00f3n.<\/p>\n<p>\u201cAgradezco a todos los actores de la comunidad educativa de este sector, incluido a los padres de familia y vecinos quienes coadyuvaron a esta construcci\u00f3n. A partir de ahora miles de ni\u00f1os y ni\u00f1as se beneficiar\u00e1n, recibiendo aprendizajes de calidad en un ambiente moderno y c\u00f3modo, el cual debemos garantizar con nuestro trabajo. Por eso encomiendo a los directivos y docentes a doblegar esfuerzos para lograrlo\u201d, manifest\u00f3 la titular de nuestra entidad.<\/p>\n<p>Por su parte, la directora del flamante colegio bicentenario ubicado en la Av. Manuel Prado Cada 8, localidad El Progreso, Carabayllo, manifest\u00f3 su orgullo y satisfacci\u00f3n por el objetivo cumplido, destacando el gran esfuerzo desplegado junto a sus docentes para realizar los tr\u00e1mites y gestiones pertinentes, los mismos que se iniciaron hace diez a\u00f1os, y que hoy se convirtieron en una realidad.<\/p>\n<p>La IE 2025 Papa Le\u00f3n XIV se convierte en la sexta escuela Bicentenario entregada en la jurisdicci\u00f3n de la UGEL 04, consolidando el esfuerzo por mejorar la infraestructura educativa en beneficio de nuestra ni\u00f1ez.<\/p>\n<p>[\/et_pb_text][\/et_pb_column][\/et_pb_row][\/et_pb_section]<\/p>\n","protected":false},"excerpt":{"rendered":"<p>En una sencilla pero emotiva ceremonia, representantes del Proyecto Especial de Inversi\u00f3n P\u00fablica Escuelas Bicentenario (PEIP), hicieron entrega de las llaves de la IE 2025 \u201cPapa Le\u00f3n XIV\u201d ubicada en [&hellip;]<\/p>\n","protected":false},"author":1,"featured_media":260519,"comment_status":"open","ping_status":"open","sticky":false,"template":"","format":"standard","meta":{"_et_pb_use_builder":"on","_et_pb_old_content":"","_et_gb_content_width":"1080","footnotes":""},"categories":[10],"tags":[],"class_list":["post-260518","post","type-post","status-publish","format-standard","has-post-thumbnail","hentry","category-noticias"],"_links":{"self":[{"href":"https:\/\/ugel04.gob.pe\/home\/wp-json\/wp\/v2\/posts\/260518","targetHints":{"allow":["GET"]}}],"collection":[{"href":"https:\/\/ugel04.gob.pe\/home\/wp-json\/wp\/v2\/posts"}],"about":[{"href":"https:\/\/ugel04.gob.pe\/home\/wp-json\/wp\/v2\/types\/post"}],"author":[{"embeddable":true,"href":"https:\/\/ugel04.gob.pe\/home\/wp-json\/wp\/v2\/users\/1"}],"replies":[{"embeddable":true,"href":"https:\/\/ugel04.gob.pe\/home\/wp-json\/wp\/v2\/comments?post=260518"}],"version-history":[{"count":2,"href":"https:\/\/ugel04.gob.pe\/home\/wp-json\/wp\/v2\/posts\/260518\/revisions"}],"predecessor-version":[{"id":260526,"href":"https:\/\/ugel04.gob.pe\/home\/wp-json\/wp\/v2\/posts\/260518\/revisions\/260526"}],"wp:featuredmedia":[{"embeddable":true,"href":"https:\/\/ugel04.gob.pe\/home\/wp-json\/wp\/v2\/media\/260519"}],"wp:attachment":[{"href":"https:\/\/ugel04.gob.pe\/home\/wp-json\/wp\/v2\/media?parent=260518"}],"wp:term":[{"taxonomy":"category","embeddable":true,"href":"https:\/\/ugel04.gob.pe\/home\/wp-json\/wp\/v2\/categories?post=260518"},{"taxonomy":"post_tag","embeddable":true,"href":"https:\/\/ugel04.gob.pe\/home\/wp-json\/wp\/v2\/tags?post=260518"}],"curies":[{"name":"wp","href":"https:\/\/api.w.org\/{rel}","templated":true}]}}