{"id":260507,"date":"2025-10-17T10:10:06","date_gmt":"2025-10-17T15:10:06","guid":{"rendered":"https:\/\/ugel04.gob.pe\/home\/?p=260507"},"modified":"2025-10-17T10:13:47","modified_gmt":"2025-10-17T15:13:47","slug":"se-oficializa-nombramiento-de-personal-administrativo-de-nuestras-iiee","status":"publish","type":"post","link":"https:\/\/ugel04.gob.pe\/home\/se-oficializa-nombramiento-de-personal-administrativo-de-nuestras-iiee\/","title":{"rendered":"SE OFICIALIZA NOMBRAMIENTO DE PERSONAL ADMINISTRATIVO DE NUESTRAS IIEE"},"content":{"rendered":"<p>[et_pb_section fb_built=\u00bb1&#8243; theme_builder_area=\u00bbpost_content\u00bb _builder_version=\u00bb4.27.4&#8243; _module_preset=\u00bbdefault\u00bb da_is_popup=\u00bboff\u00bb da_exit_intent=\u00bboff\u00bb da_has_close=\u00bbon\u00bb da_alt_close=\u00bboff\u00bb da_dark_close=\u00bboff\u00bb da_not_modal=\u00bbon\u00bb da_is_singular=\u00bboff\u00bb da_with_loader=\u00bboff\u00bb da_has_shadow=\u00bbon\u00bb da_disable_devices=\u00bboff|off|off\u00bb][et_pb_row _builder_version=\u00bb4.27.4&#8243; _module_preset=\u00bbdefault\u00bb theme_builder_area=\u00bbpost_content\u00bb][et_pb_column _builder_version=\u00bb4.27.4&#8243; _module_preset=\u00bbdefault\u00bb type=\u00bb4_4&#8243; theme_builder_area=\u00bbpost_content\u00bb][et_pb_text _builder_version=\u00bb4.27.4&#8243; _module_preset=\u00bbdefault\u00bb theme_builder_area=\u00bbpost_content\u00bb hover_enabled=\u00bb0&#8243; sticky_enabled=\u00bb0&#8243;]<\/p>\n<p>En una emotiva ceremonia desarrollada en la IE 2100 Juan Velasco Alvarado de Comas, 138 trabajadores administrativos contratados pertenecientes a las diversas instituciones educativas p\u00fablicas de nuestra jurisdicci\u00f3n recibieron de manos de la directora de la UGEL 04, la Resoluci\u00f3n Directoral que oficializa su nombramiento en las plazas que ocupan bajo el r\u00e9gimen del Decreto Legislativo N\u00b0 276, \u201cLey de Bases de la Carrera Administrativa y de Remuneraciones del Sector P\u00fablico\u201d.<\/p>\n<p>Durante su mensaje de saludo institucional, la titular de nuestra entidad Nelly Cunza Pr\u00edncipe, felicit\u00f3 el logro alcanzado por los servidores administrativos e invoc\u00f3 a seguir esforz\u00e1ndose para contribuir al mejoramiento de los aprendizajes de los estudiantes.<\/p>\n<p>\u201cTengo mucho aprecio al personal administrativo porque s\u00e9 de su gran aporte en las escuelas. Ustedes ahora tienen el reto de desarrollar un mayor apego y cari\u00f1o a sus centros de labores, teniendo en consideraci\u00f3n que el objetivo primordial de vuestro trabajo es lograr que los estudiantes se sientan c\u00f3modos y fortalecidos. Conf\u00edo en seguir\u00e1n predicando con el ejemplo ante sus compa\u00f1eros. Felicidades por este importante paso en su desarrollo personal\u201d, manifest\u00f3 la directora de la UGEL 04.<\/p>\n<p>Esta importante actividad que expresa el reconocimiento al noble rol que cumplen cotidianamente los servidores administrativos en los planteles de los cinco distritos adscritos a nuestra jurisdicci\u00f3n, sirvi\u00f3 de escenario para la presentaci\u00f3n art\u00edstica del elenco de danzas de la Universidad C\u00e9sar Vallejo y de los estudiantes hermanos De la Cruz, que amenizaron el ambiente provocando el j\u00fabilo de los asistentes.<\/p>\n<p>\u00a1Felicidades flamantes servidores p\u00fablicos nombrados de la UGEL 04!<\/p>\n<p>[\/et_pb_text][\/et_pb_column][\/et_pb_row][\/et_pb_section]<\/p>\n","protected":false},"excerpt":{"rendered":"<p>En una emotiva ceremonia desarrollada en la IE 2100 Juan Velasco Alvarado de Comas, 138 trabajadores administrativos contratados pertenecientes a las diversas instituciones educativas p\u00fablicas de nuestra jurisdicci\u00f3n recibieron de [&hellip;]<\/p>\n","protected":false},"author":1,"featured_media":260508,"comment_status":"open","ping_status":"open","sticky":false,"template":"","format":"standard","meta":{"_et_pb_use_builder":"on","_et_pb_old_content":"","_et_gb_content_width":"1080","footnotes":""},"categories":[10],"tags":[],"class_list":["post-260507","post","type-post","status-publish","format-standard","has-post-thumbnail","hentry","category-noticias"],"_links":{"self":[{"href":"https:\/\/ugel04.gob.pe\/home\/wp-json\/wp\/v2\/posts\/260507","targetHints":{"allow":["GET"]}}],"collection":[{"href":"https:\/\/ugel04.gob.pe\/home\/wp-json\/wp\/v2\/posts"}],"about":[{"href":"https:\/\/ugel04.gob.pe\/home\/wp-json\/wp\/v2\/types\/post"}],"author":[{"embeddable":true,"href":"https:\/\/ugel04.gob.pe\/home\/wp-json\/wp\/v2\/users\/1"}],"replies":[{"embeddable":true,"href":"https:\/\/ugel04.gob.pe\/home\/wp-json\/wp\/v2\/comments?post=260507"}],"version-history":[{"count":2,"href":"https:\/\/ugel04.gob.pe\/home\/wp-json\/wp\/v2\/posts\/260507\/revisions"}],"predecessor-version":[{"id":260510,"href":"https:\/\/ugel04.gob.pe\/home\/wp-json\/wp\/v2\/posts\/260507\/revisions\/260510"}],"wp:featuredmedia":[{"embeddable":true,"href":"https:\/\/ugel04.gob.pe\/home\/wp-json\/wp\/v2\/media\/260508"}],"wp:attachment":[{"href":"https:\/\/ugel04.gob.pe\/home\/wp-json\/wp\/v2\/media?parent=260507"}],"wp:term":[{"taxonomy":"category","embeddable":true,"href":"https:\/\/ugel04.gob.pe\/home\/wp-json\/wp\/v2\/categories?post=260507"},{"taxonomy":"post_tag","embeddable":true,"href":"https:\/\/ugel04.gob.pe\/home\/wp-json\/wp\/v2\/tags?post=260507"}],"curies":[{"name":"wp","href":"https:\/\/api.w.org\/{rel}","templated":true}]}}