{"id":260501,"date":"2025-10-16T14:17:44","date_gmt":"2025-10-16T19:17:44","guid":{"rendered":"https:\/\/ugel04.gob.pe\/home\/?p=260501"},"modified":"2025-10-16T14:17:52","modified_gmt":"2025-10-16T19:17:52","slug":"comunidad-cebe-celebra-con-jolgorio-dia-de-la-educacion-inclusiva","status":"publish","type":"post","link":"https:\/\/ugel04.gob.pe\/home\/comunidad-cebe-celebra-con-jolgorio-dia-de-la-educacion-inclusiva\/","title":{"rendered":"COMUNIDAD CEBE CELEBRA CON JOLGORIO D\u00cdA DE LA EDUCACI\u00d3N INCLUSIVA"},"content":{"rendered":"<p>[et_pb_section fb_built=\u00bb1&#8243; theme_builder_area=\u00bbpost_content\u00bb _builder_version=\u00bb4.27.4&#8243; _module_preset=\u00bbdefault\u00bb da_is_popup=\u00bboff\u00bb da_exit_intent=\u00bboff\u00bb da_has_close=\u00bbon\u00bb da_alt_close=\u00bboff\u00bb da_dark_close=\u00bboff\u00bb da_not_modal=\u00bbon\u00bb da_is_singular=\u00bboff\u00bb da_with_loader=\u00bboff\u00bb da_has_shadow=\u00bbon\u00bb da_disable_devices=\u00bboff|off|off\u00bb][et_pb_row _builder_version=\u00bb4.27.4&#8243; _module_preset=\u00bbdefault\u00bb theme_builder_area=\u00bbpost_content\u00bb][et_pb_column _builder_version=\u00bb4.27.4&#8243; _module_preset=\u00bbdefault\u00bb type=\u00bb4_4&#8243; theme_builder_area=\u00bbpost_content\u00bb][et_pb_text _builder_version=\u00bb4.27.4&#8243; _module_preset=\u00bbdefault\u00bb theme_builder_area=\u00bbpost_content\u00bb hover_enabled=\u00bb0&#8243; sticky_enabled=\u00bb0&#8243;]<\/p>\n<p>En el d\u00eda central de la Educaci\u00f3n Inclusiva, directivos y docentes de los diversos Centros de Educaci\u00f3n B\u00e1sica Especial de nuestra jurisdicci\u00f3n sostuvieron un fruct\u00edfero encuentro denominado \u201cFortaleciendo nuestras habilidades socio emocionales para la convivencia armoniosa\u201d, organizado por la UGEL 04 trav\u00e9s de AGEBRE.<\/p>\n<p>Durante la cita desarrollada en el parque zonal Sinchi Roca de Comas, con presencia de la directora Nelly Cunza, los participantes compartieron un espacio de integraci\u00f3n y relax e intercambiaron experiencias pedag\u00f3gicas destinadas a potenciar su labor en las aulas.<\/p>\n<p>Durante la ceremonia de apertura de la actividad, la titular de la UGEL 04, expres\u00f3 su felicitaci\u00f3n y reconocimiento a la comunidad de profesionales encargados de la noble tarea de educar a cientos de estudiantes con capacidades diversas.<\/p>\n<p>\u201cRindo mi respeto, admiraci\u00f3n y consideraci\u00f3n a cada uno de ustedes, estimados directivos, docentes, tecn\u00f3logos, psic\u00f3logos y dem\u00e1s profesionales, que trabajan con vocaci\u00f3n atendiendo a la diversidad. Gracias a su rol la vida de todos los seres humanos que reciben servicio en los CEBE se vuelve digna y placentera. Les felicito por eso\u201d, manifest\u00f3 emocionada Cunza Pr\u00edncipe.<\/p>\n<p>Posteriormente, las delegaciones de los 9 CEBE y 1 PRITE presentes, en compa\u00f1\u00eda de nuestro personaje representativo Ugelito, realizaron un colorido pasacalle en el interior del parque zonal, revalorando su amor y compromiso con la educaci\u00f3n inclusiva en bienestar de m\u00e1s de 1500 estudiantes con discapacidad y\/o habilidades diferentes registrados actualmente en nuestra jurisdicci\u00f3n educativa.<\/p>\n<p>Desde la UGEL 04, felicitamos a todos los integrantes de la comunidad educativa inclusiva por su invalorable aporte al desarrollo del pa\u00eds. Su trabajo es esencial para garantizar el acceso a la educaci\u00f3n sin discriminaci\u00f3n y con equidad\u2026<\/p>\n<p>\u00a1Felicidades! CEBE: Per\u00fa Suiza, Santa Rosa, Jerusal\u00e9n, Luis Braille, Los Vi\u00f1edos, Progreso, Hellen Keller, Inmaculada, Madre Teresa de Calcuta y PRITE Manuel Gonzales Prada.<\/p>\n<p>[\/et_pb_text][\/et_pb_column][\/et_pb_row][\/et_pb_section]<\/p>\n","protected":false},"excerpt":{"rendered":"<p>En el d\u00eda central de la Educaci\u00f3n Inclusiva, directivos y docentes de los diversos Centros de Educaci\u00f3n B\u00e1sica Especial de nuestra jurisdicci\u00f3n sostuvieron un fruct\u00edfero encuentro denominado \u201cFortaleciendo nuestras habilidades [&hellip;]<\/p>\n","protected":false},"author":1,"featured_media":260502,"comment_status":"open","ping_status":"open","sticky":false,"template":"","format":"standard","meta":{"_et_pb_use_builder":"on","_et_pb_old_content":"","_et_gb_content_width":"1080","footnotes":""},"categories":[10],"tags":[],"class_list":["post-260501","post","type-post","status-publish","format-standard","has-post-thumbnail","hentry","category-noticias"],"_links":{"self":[{"href":"https:\/\/ugel04.gob.pe\/home\/wp-json\/wp\/v2\/posts\/260501","targetHints":{"allow":["GET"]}}],"collection":[{"href":"https:\/\/ugel04.gob.pe\/home\/wp-json\/wp\/v2\/posts"}],"about":[{"href":"https:\/\/ugel04.gob.pe\/home\/wp-json\/wp\/v2\/types\/post"}],"author":[{"embeddable":true,"href":"https:\/\/ugel04.gob.pe\/home\/wp-json\/wp\/v2\/users\/1"}],"replies":[{"embeddable":true,"href":"https:\/\/ugel04.gob.pe\/home\/wp-json\/wp\/v2\/comments?post=260501"}],"version-history":[{"count":2,"href":"https:\/\/ugel04.gob.pe\/home\/wp-json\/wp\/v2\/posts\/260501\/revisions"}],"predecessor-version":[{"id":260504,"href":"https:\/\/ugel04.gob.pe\/home\/wp-json\/wp\/v2\/posts\/260501\/revisions\/260504"}],"wp:featuredmedia":[{"embeddable":true,"href":"https:\/\/ugel04.gob.pe\/home\/wp-json\/wp\/v2\/media\/260502"}],"wp:attachment":[{"href":"https:\/\/ugel04.gob.pe\/home\/wp-json\/wp\/v2\/media?parent=260501"}],"wp:term":[{"taxonomy":"category","embeddable":true,"href":"https:\/\/ugel04.gob.pe\/home\/wp-json\/wp\/v2\/categories?post=260501"},{"taxonomy":"post_tag","embeddable":true,"href":"https:\/\/ugel04.gob.pe\/home\/wp-json\/wp\/v2\/tags?post=260501"}],"curies":[{"name":"wp","href":"https:\/\/api.w.org\/{rel}","templated":true}]}}