{"id":260493,"date":"2025-10-15T15:06:53","date_gmt":"2025-10-15T20:06:53","guid":{"rendered":"https:\/\/ugel04.gob.pe\/home\/?p=260493"},"modified":"2025-10-15T15:06:54","modified_gmt":"2025-10-15T20:06:54","slug":"estudiantes-del-cetpro-luis-braille-conmemoran-el-dia-mundial-del-baston-blanco-promoviendo-inclusion-y-autonomia","status":"publish","type":"post","link":"https:\/\/ugel04.gob.pe\/home\/estudiantes-del-cetpro-luis-braille-conmemoran-el-dia-mundial-del-baston-blanco-promoviendo-inclusion-y-autonomia\/","title":{"rendered":"ESTUDIANTES DEL CETPRO LUIS BRAILLE CONMEMORAN EL D\u00cdA MUNDIAL \u00a0\u00a0\u00a0DEL BAST\u00d3N BLANCO PROMOVIENDO INCLUSI\u00d3N Y AUTONOM\u00cdA"},"content":{"rendered":"<p>[et_pb_section fb_built=\u00bb1&#8243; theme_builder_area=\u00bbpost_content\u00bb _builder_version=\u00bb4.27.4&#8243; _module_preset=\u00bbdefault\u00bb da_is_popup=\u00bboff\u00bb da_exit_intent=\u00bboff\u00bb da_has_close=\u00bbon\u00bb da_alt_close=\u00bboff\u00bb da_dark_close=\u00bboff\u00bb da_not_modal=\u00bbon\u00bb da_is_singular=\u00bboff\u00bb da_with_loader=\u00bboff\u00bb da_has_shadow=\u00bbon\u00bb da_disable_devices=\u00bboff|off|off\u00bb][et_pb_row _builder_version=\u00bb4.27.4&#8243; _module_preset=\u00bbdefault\u00bb theme_builder_area=\u00bbpost_content\u00bb][et_pb_column _builder_version=\u00bb4.27.4&#8243; _module_preset=\u00bbdefault\u00bb type=\u00bb4_4&#8243; theme_builder_area=\u00bbpost_content\u00bb][et_pb_text _builder_version=\u00bb4.27.4&#8243; _module_preset=\u00bbdefault\u00bb theme_builder_area=\u00bbpost_content\u00bb hover_enabled=\u00bb0&#8243; sticky_enabled=\u00bb0&#8243;]<\/p>\n<p><strong>En el marco del D\u00eda Mundial del Bast\u00f3n Blanco, que se celebra cada 15 de octubre, los estudiantes de la Instituci\u00f3n Educativa Luis Braille participaron en un conversatorio junto a sus compa\u00f1eros del CETPRO Luis Braille, teniendo como invitados a los exalumnos Rosa P\u00e9rez y Brayan Vila, quienes compartieron sus testimonios de superaci\u00f3n personal y su experiencia formativa en el centro educativo.<\/strong><\/p>\n<p><span>El evento, realizado en el auditorio del colegio, cont\u00f3 con la participaci\u00f3n del director del CETPRO Luis Braille, Alfredo Z\u00e1rate, resaltando la importancia de la educaci\u00f3n inclusiva y el compromiso institucional con la autonom\u00eda de las personas con discapacidad visual.<\/span><\/p>\n<p><span>Concluida la charla informativa, los estudiantes realizaron una demostraci\u00f3n pr\u00e1ctica del uso del bast\u00f3n blanco, guiados por su docente, la profesora Maribel Lazo, quien con dedicaci\u00f3n y paciencia ense\u00f1a el desplazamiento en el podot\u00e1ctil y otras habilidades que fortalecen su movilidad independiente.<\/span><\/p>\n<p><span>Asimismo, el CETPRO Luis Braille brinda talleres de servicios personales y del hogar, dirigidos a personas con discapacidad visual y al p\u00fablico en general. Las clases se desarrollan por m\u00f3dulos, abarcando \u00e1reas como orientaci\u00f3n y movilidad, habilidades de la vida diaria, lectura y escritura en Braille, contribuyendo al desarrollo de la autonom\u00eda y accesibilidad de sus estudiantes.<\/span><\/p>\n<p><span>Las clases se imparten en dos turnos: de 8:00 a. m. a 12:30 p. m. y de 2:00 p. m. a 6:30 p. m., de lunes a viernes, para personas mayores de 14 a\u00f1os. El centro se encuentra ubicado en la Av. del Maestro N.\u00ba 340-380, distrito de Comas.<\/span><\/p>\n<p>[\/et_pb_text][\/et_pb_column][\/et_pb_row][\/et_pb_section]<\/p>\n","protected":false},"excerpt":{"rendered":"<p>En el marco del D\u00eda Mundial del Bast\u00f3n Blanco, que se celebra cada 15 de octubre, los estudiantes de la Instituci\u00f3n Educativa Luis Braille participaron en un conversatorio junto a [&hellip;]<\/p>\n","protected":false},"author":1,"featured_media":260494,"comment_status":"closed","ping_status":"closed","sticky":false,"template":"","format":"standard","meta":{"_et_pb_use_builder":"on","_et_pb_old_content":"","_et_gb_content_width":"","footnotes":""},"categories":[10],"tags":[],"class_list":["post-260493","post","type-post","status-publish","format-standard","has-post-thumbnail","hentry","category-noticias"],"_links":{"self":[{"href":"https:\/\/ugel04.gob.pe\/home\/wp-json\/wp\/v2\/posts\/260493","targetHints":{"allow":["GET"]}}],"collection":[{"href":"https:\/\/ugel04.gob.pe\/home\/wp-json\/wp\/v2\/posts"}],"about":[{"href":"https:\/\/ugel04.gob.pe\/home\/wp-json\/wp\/v2\/types\/post"}],"author":[{"embeddable":true,"href":"https:\/\/ugel04.gob.pe\/home\/wp-json\/wp\/v2\/users\/1"}],"replies":[{"embeddable":true,"href":"https:\/\/ugel04.gob.pe\/home\/wp-json\/wp\/v2\/comments?post=260493"}],"version-history":[{"count":2,"href":"https:\/\/ugel04.gob.pe\/home\/wp-json\/wp\/v2\/posts\/260493\/revisions"}],"predecessor-version":[{"id":260496,"href":"https:\/\/ugel04.gob.pe\/home\/wp-json\/wp\/v2\/posts\/260493\/revisions\/260496"}],"wp:featuredmedia":[{"embeddable":true,"href":"https:\/\/ugel04.gob.pe\/home\/wp-json\/wp\/v2\/media\/260494"}],"wp:attachment":[{"href":"https:\/\/ugel04.gob.pe\/home\/wp-json\/wp\/v2\/media?parent=260493"}],"wp:term":[{"taxonomy":"category","embeddable":true,"href":"https:\/\/ugel04.gob.pe\/home\/wp-json\/wp\/v2\/categories?post=260493"},{"taxonomy":"post_tag","embeddable":true,"href":"https:\/\/ugel04.gob.pe\/home\/wp-json\/wp\/v2\/tags?post=260493"}],"curies":[{"name":"wp","href":"https:\/\/api.w.org\/{rel}","templated":true}]}}