{"id":260485,"date":"2025-10-14T18:50:22","date_gmt":"2025-10-14T23:50:22","guid":{"rendered":"https:\/\/ugel04.gob.pe\/home\/?p=260485"},"modified":"2025-10-14T18:51:15","modified_gmt":"2025-10-14T23:51:15","slug":"jorge-figueroa-guzman-asume-como-ministro-de-educacion","status":"publish","type":"post","link":"https:\/\/ugel04.gob.pe\/home\/jorge-figueroa-guzman-asume-como-ministro-de-educacion\/","title":{"rendered":"JORGE FIGUEROA GUZM\u00c1N ASUME COMO MINISTRO DE EDUCACI\u00d3N"},"content":{"rendered":"<p>[et_pb_section fb_built=\u00bb1&#8243; theme_builder_area=\u00bbpost_content\u00bb _builder_version=\u00bb4.27.4&#8243; _module_preset=\u00bbdefault\u00bb da_is_popup=\u00bboff\u00bb da_exit_intent=\u00bboff\u00bb da_has_close=\u00bbon\u00bb da_alt_close=\u00bboff\u00bb da_dark_close=\u00bboff\u00bb da_not_modal=\u00bbon\u00bb da_is_singular=\u00bboff\u00bb da_with_loader=\u00bboff\u00bb da_has_shadow=\u00bbon\u00bb da_disable_devices=\u00bboff|off|off\u00bb][et_pb_row _builder_version=\u00bb4.27.4&#8243; _module_preset=\u00bbdefault\u00bb theme_builder_area=\u00bbpost_content\u00bb][et_pb_column _builder_version=\u00bb4.27.4&#8243; _module_preset=\u00bbdefault\u00bb type=\u00bb4_4&#8243; theme_builder_area=\u00bbpost_content\u00bb][et_pb_text _builder_version=\u00bb4.27.4&#8243; _module_preset=\u00bbdefault\u00bb theme_builder_area=\u00bbpost_content\u00bb hover_enabled=\u00bb0&#8243; sticky_enabled=\u00bb0&#8243;]<\/p>\n<p>El abogado Jorge Figueroa Guzm\u00e1n jur\u00f3 hoy como nuevo ministro de Educaci\u00f3n, integrando el gabinete ministerial presidido por Ernesto \u00c1lvarez Miranda, presidente del Consejo de Ministros.<\/p>\n<p>El nuevo titular del sector cuenta con m\u00e1s de 20 a\u00f1os de experiencia en la gesti\u00f3n p\u00fablica y privada, con una destacada trayectoria en el dise\u00f1o e implementaci\u00f3n de pol\u00edticas p\u00fablicas, transformaci\u00f3n digital y planeamiento estrat\u00e9gico en diversas instituciones del Estado.<\/p>\n<p>Entre los principales cargos que ha desempe\u00f1ado en el servicio p\u00fablico, destaca su labor como asesor principal del Congreso de la Rep\u00fablica (2021\u20132024), donde brind\u00f3 asistencia t\u00e9cnica en las comisiones de Econom\u00eda, Educaci\u00f3n, Defensa y Orden Interno, Banca y Finanzas, entre otras. Asimismo, fue gerente de Desarrollo Corporativo del Poder Judicial, liderando la elaboraci\u00f3n e implementaci\u00f3n del Plan Estrat\u00e9gico Institucional 2019-2030 y participando en la Comisi\u00f3n de Alto Nivel para la Transformaci\u00f3n Digital del Poder Judicial.<\/p>\n<p>Su experiencia tambi\u00e9n incluye funciones como asesor legal del Ministerio de Salud, de la Primera Vicepresidencia de la Rep\u00fablica, y en diversas comisiones parlamentarias.<\/p>\n<p>Adem\u00e1s, se desempe\u00f1\u00f3 como apoderado procesal de la Pontificia Universidad Cat\u00f3lica del Per\u00fa (PUCP), logrando una significativa reducci\u00f3n de la carga procesal institucional, y como asesor legal externo de Centrum Business School, donde contribuy\u00f3 a la implementaci\u00f3n de sistemas de calidad y est\u00e1ndares internacionales.<\/p>\n<p>El ministro Figueroa es abogado por la Universidad San Mart\u00edn de Porres, con maestr\u00eda en Derecho Procesal, y cuenta con un MBA con menci\u00f3n en Administraci\u00f3n Estrat\u00e9gica de Empresas y Liderazgo otorgado por Centrum Graduate Business School \u2013 PUCP y la EADA Business School de Barcelona (Espa\u00f1a), del que egres\u00f3 con honores. Posee, adem\u00e1s, un Diplomado en Gobernabilidad y Gerencia Pol\u00edtica por la Pontificia Universidad Cat\u00f3lica del Per\u00fa, as\u00ed como una especializaci\u00f3n en Transformaci\u00f3n Digital por Centrum PUCP.<\/p>\n<p>Entre sus reconocimientos destacan el Primer Puesto en el MBA Gerencial de Centrum Business School y su designaci\u00f3n como Miembro de Honor de la sociedad Beta Gamma Sigma, honor otorgado por la Asociaci\u00f3n de Escuelas de Negocios de Estados Unidos (AACSB).<\/p>\n<p>Al asumir la conducci\u00f3n del Ministerio de Educaci\u00f3n, el titular del sector, Jorge Figueroa, reafirm\u00f3 su compromiso de fortalecer la educaci\u00f3n p\u00fablica con equidad, calidad e innovaci\u00f3n tecnol\u00f3gica, impulsando la modernizaci\u00f3n de la gesti\u00f3n educativa y promoviendo pol\u00edticas que garanticen la continuidad formativa y la empleabilidad de los estudiantes.<\/p>\n<p>[\/et_pb_text][\/et_pb_column][\/et_pb_row][\/et_pb_section]<\/p>\n","protected":false},"excerpt":{"rendered":"<p>El abogado Jorge Figueroa Guzm\u00e1n jur\u00f3 hoy como nuevo ministro de Educaci\u00f3n, integrando el gabinete ministerial presidido por Ernesto \u00c1lvarez Miranda, presidente del Consejo de Ministros. El nuevo titular del [&hellip;]<\/p>\n","protected":false},"author":1,"featured_media":260486,"comment_status":"open","ping_status":"open","sticky":false,"template":"","format":"standard","meta":{"_et_pb_use_builder":"on","_et_pb_old_content":"","_et_gb_content_width":"1080","footnotes":""},"categories":[10],"tags":[],"class_list":["post-260485","post","type-post","status-publish","format-standard","has-post-thumbnail","hentry","category-noticias"],"_links":{"self":[{"href":"https:\/\/ugel04.gob.pe\/home\/wp-json\/wp\/v2\/posts\/260485","targetHints":{"allow":["GET"]}}],"collection":[{"href":"https:\/\/ugel04.gob.pe\/home\/wp-json\/wp\/v2\/posts"}],"about":[{"href":"https:\/\/ugel04.gob.pe\/home\/wp-json\/wp\/v2\/types\/post"}],"author":[{"embeddable":true,"href":"https:\/\/ugel04.gob.pe\/home\/wp-json\/wp\/v2\/users\/1"}],"replies":[{"embeddable":true,"href":"https:\/\/ugel04.gob.pe\/home\/wp-json\/wp\/v2\/comments?post=260485"}],"version-history":[{"count":2,"href":"https:\/\/ugel04.gob.pe\/home\/wp-json\/wp\/v2\/posts\/260485\/revisions"}],"predecessor-version":[{"id":260488,"href":"https:\/\/ugel04.gob.pe\/home\/wp-json\/wp\/v2\/posts\/260485\/revisions\/260488"}],"wp:featuredmedia":[{"embeddable":true,"href":"https:\/\/ugel04.gob.pe\/home\/wp-json\/wp\/v2\/media\/260486"}],"wp:attachment":[{"href":"https:\/\/ugel04.gob.pe\/home\/wp-json\/wp\/v2\/media?parent=260485"}],"wp:term":[{"taxonomy":"category","embeddable":true,"href":"https:\/\/ugel04.gob.pe\/home\/wp-json\/wp\/v2\/categories?post=260485"},{"taxonomy":"post_tag","embeddable":true,"href":"https:\/\/ugel04.gob.pe\/home\/wp-json\/wp\/v2\/tags?post=260485"}],"curies":[{"name":"wp","href":"https:\/\/api.w.org\/{rel}","templated":true}]}}