{"id":260434,"date":"2025-10-03T12:52:20","date_gmt":"2025-10-03T17:52:20","guid":{"rendered":"https:\/\/ugel04.gob.pe\/home\/?p=260434"},"modified":"2025-10-03T12:53:29","modified_gmt":"2025-10-03T17:53:29","slug":"estudiantes-de-cebe-sostienen-emotivo-encuentro-con-trabajadores-de-ugel-04","status":"publish","type":"post","link":"https:\/\/ugel04.gob.pe\/home\/estudiantes-de-cebe-sostienen-emotivo-encuentro-con-trabajadores-de-ugel-04\/","title":{"rendered":"ESTUDIANTES DE CEBE SOSTIENEN EMOTIVO ENCUENTRO CON TRABAJADORES DE UGEL 04\u00a0"},"content":{"rendered":"\n[et_pb_section fb_built=\u00bb1&#8243; theme_builder_area=\u00bbpost_content\u00bb _builder_version=\u00bb4.27.4&#8243; _module_preset=\u00bbdefault\u00bb da_is_popup=\u00bboff\u00bb da_exit_intent=\u00bboff\u00bb da_has_close=\u00bbon\u00bb da_alt_close=\u00bboff\u00bb da_dark_close=\u00bboff\u00bb da_not_modal=\u00bbon\u00bb da_is_singular=\u00bboff\u00bb da_with_loader=\u00bboff\u00bb da_has_shadow=\u00bbon\u00bb da_disable_devices=\u00bboff|off|off\u00bb][et_pb_row _builder_version=\u00bb4.27.4&#8243; _module_preset=\u00bbdefault\u00bb theme_builder_area=\u00bbpost_content\u00bb][et_pb_column _builder_version=\u00bb4.27.4&#8243; _module_preset=\u00bbdefault\u00bb type=\u00bb4_4&#8243; theme_builder_area=\u00bbpost_content\u00bb][et_pb_text _builder_version=\u00bb4.27.4&#8243; _module_preset=\u00bbdefault\u00bb theme_builder_area=\u00bbpost_content\u00bb hover_enabled=\u00bb0&#8243; sticky_enabled=\u00bb0&#8243;]<p>En marco de las actividades programadas por la celebraci\u00f3n del mes de la educaci\u00f3n inclusiva, el \u00c1rea de Gesti\u00f3n de la Educaci\u00f3n B\u00e1sica Regular y Especial (AGEBRE), organiz\u00f3 la visita de los estudiantes de diversos CEBES de la jurisdicci\u00f3n, a las oficinas administrativas de nuestras tres sedes institucionales, con el prop\u00f3sito de sensibilizar a los servidores p\u00fablicos, sobre la importancia de la inclusi\u00f3n y el respeto a la diversidad.<\/p>\n<p>En este contexto, los estudiantes de nueve Centros de Educaci\u00f3n B\u00e1sica Especial (CEBE) que brindan servicio pedag\u00f3gico en nuestro sector, acompa\u00f1ados de sus docentes tutores y los especialistas de la modalidad, acudieron en forma simult\u00e1nea a las distintas oficinas administrativas de la UGEL04, llevando su mensaje de amor y esperanza en la consolidaci\u00f3n de una sociedad m\u00e1s justa e igualitaria.<\/p>\n<p>Durante el breve, pero trascendental encuentro entre estudiantes y servidores se vivieron momentos de mucha emoci\u00f3n, los mismos que sirvieron para intercambiar abrazos, palabras de satisfacci\u00f3n mutua y para compartir significativos presentes, como dulces, chocolates, flores, entre otros.<\/p>\n<p>De esta manera, teniendo como premisa el eslogan \u201cPorque educar en la diversidad es educar para la vida\u201d, los estudiantes de los CEBE: Madre de Calcuta, Vi\u00f1edos, Santa Rosa, Jerusal\u00e9n, Progreso, 2081, Braille \u2013Prite, Hellen Keller y CEPETRI, pudieron conocer las sedes administrativas de la UGEL 04, en donde dejaron un potente mensaje de valoraci\u00f3n de la vida y respeto a lo diferente.<\/p>\n<p>Cabe recordar, que el 16 de octubre es el D\u00eda de la Educaci\u00f3n Inclusiva en el Per\u00fa, fecha en el que se desarrollan una serie de actividades con el objetivo de promover la inclusi\u00f3n, la diversidad y la igualdad de oportunidades en el \u00e1mbito educativo, buscando la participaci\u00f3n de todos los estudiantes, especialmente aquellos con discapacidad, y revalorizando su rol en la sociedad.<\/p>[\/et_pb_text][\/et_pb_column][\/et_pb_row][\/et_pb_section]\n","protected":false},"excerpt":{"rendered":"<p>En marco de las actividades programadas por la celebraci\u00f3n del mes de la educaci\u00f3n inclusiva, el \u00c1rea de Gesti\u00f3n de la Educaci\u00f3n B\u00e1sica Regular y Especial (AGEBRE), organiz\u00f3 la visita [&hellip;]<\/p>\n","protected":false},"author":1,"featured_media":260435,"comment_status":"open","ping_status":"open","sticky":false,"template":"","format":"standard","meta":{"_et_pb_use_builder":"on","_et_pb_old_content":"","_et_gb_content_width":"1080","footnotes":""},"categories":[10],"tags":[],"class_list":["post-260434","post","type-post","status-publish","format-standard","has-post-thumbnail","hentry","category-noticias"],"_links":{"self":[{"href":"https:\/\/ugel04.gob.pe\/home\/wp-json\/wp\/v2\/posts\/260434","targetHints":{"allow":["GET"]}}],"collection":[{"href":"https:\/\/ugel04.gob.pe\/home\/wp-json\/wp\/v2\/posts"}],"about":[{"href":"https:\/\/ugel04.gob.pe\/home\/wp-json\/wp\/v2\/types\/post"}],"author":[{"embeddable":true,"href":"https:\/\/ugel04.gob.pe\/home\/wp-json\/wp\/v2\/users\/1"}],"replies":[{"embeddable":true,"href":"https:\/\/ugel04.gob.pe\/home\/wp-json\/wp\/v2\/comments?post=260434"}],"version-history":[{"count":3,"href":"https:\/\/ugel04.gob.pe\/home\/wp-json\/wp\/v2\/posts\/260434\/revisions"}],"predecessor-version":[{"id":260438,"href":"https:\/\/ugel04.gob.pe\/home\/wp-json\/wp\/v2\/posts\/260434\/revisions\/260438"}],"wp:featuredmedia":[{"embeddable":true,"href":"https:\/\/ugel04.gob.pe\/home\/wp-json\/wp\/v2\/media\/260435"}],"wp:attachment":[{"href":"https:\/\/ugel04.gob.pe\/home\/wp-json\/wp\/v2\/media?parent=260434"}],"wp:term":[{"taxonomy":"category","embeddable":true,"href":"https:\/\/ugel04.gob.pe\/home\/wp-json\/wp\/v2\/categories?post=260434"},{"taxonomy":"post_tag","embeddable":true,"href":"https:\/\/ugel04.gob.pe\/home\/wp-json\/wp\/v2\/tags?post=260434"}],"curies":[{"name":"wp","href":"https:\/\/api.w.org\/{rel}","templated":true}]}}