{"id":260430,"date":"2025-10-03T12:21:01","date_gmt":"2025-10-03T17:21:01","guid":{"rendered":"https:\/\/ugel04.gob.pe\/home\/?p=260430"},"modified":"2025-10-03T12:21:10","modified_gmt":"2025-10-03T17:21:10","slug":"se-firman-convenios-de-transitabilidad-educativa-para-facilitar-acceso-de-estudiantes-a-carreas-tecnicas","status":"publish","type":"post","link":"https:\/\/ugel04.gob.pe\/home\/se-firman-convenios-de-transitabilidad-educativa-para-facilitar-acceso-de-estudiantes-a-carreas-tecnicas\/","title":{"rendered":"SE FIRMAN CONVENIOS DE TRANSITABILIDAD EDUCATIVA PARA FACILITAR ACCESO DE ESTUDIANTES A CARREAS T\u00c9CNICAS"},"content":{"rendered":"<p>[et_pb_section fb_built=\u00bb1&#8243; theme_builder_area=\u00bbpost_content\u00bb _builder_version=\u00bb4.27.4&#8243; _module_preset=\u00bbdefault\u00bb da_is_popup=\u00bboff\u00bb da_exit_intent=\u00bboff\u00bb da_has_close=\u00bbon\u00bb da_alt_close=\u00bboff\u00bb da_dark_close=\u00bboff\u00bb da_not_modal=\u00bbon\u00bb da_is_singular=\u00bboff\u00bb da_with_loader=\u00bboff\u00bb da_has_shadow=\u00bbon\u00bb da_disable_devices=\u00bboff|off|off\u00bb][et_pb_row _builder_version=\u00bb4.27.4&#8243; _module_preset=\u00bbdefault\u00bb theme_builder_area=\u00bbpost_content\u00bb][et_pb_column _builder_version=\u00bb4.27.4&#8243; _module_preset=\u00bbdefault\u00bb type=\u00bb4_4&#8243; theme_builder_area=\u00bbpost_content\u00bb][et_pb_text _builder_version=\u00bb4.27.4&#8243; _module_preset=\u00bbdefault\u00bb theme_builder_area=\u00bbpost_content\u00bb hover_enabled=\u00bb0&#8243; sticky_enabled=\u00bb0&#8243;]<\/p>\n<p><strong>ESTUDIANTES A CARREAS T\u00c9CNICAS <\/strong><\/p>\n<p>En la sede de la UGEL 03, representantes de Direcci\u00f3n Regional de Educaci\u00f3n de Lima Metropolitana (DRELM), las siete UGEL, directivos de los CETPRO y de las instituciones educativas con modelo de formaci\u00f3n t\u00e9cnica, suscribieron los convenios de transitabilidad, que permitir\u00e1 la articulaci\u00f3n de la Educaci\u00f3n B\u00e1sica con la T\u00e9cnica Productiva y Superior.<\/p>\n<p>La firma de estos convenios, en marco de la Pol\u00edtica Educativa Regional, da cabida a que a partir de la fecha los estudiantes de la Educaci\u00f3n B\u00e1sica Regular y Alternativa puedan transitar y acceder a carreras t\u00e9cnicas reconocidas y certificadas, mejorando sus oportunidades acad\u00e9micas, laborales y desarrollo personal.<\/p>\n<p>La delegaci\u00f3n de la UGEL 04 estuvo conformada por especialistas de AGEBRE y AGEBATP, directivos de CETPRO, as\u00ed como directivos, docentes y estudiantes de instituciones educativas del Modelo de Servicio Educativo de Secundaria con Formaci\u00f3n T\u00e9cnica (MSE-SFT), con la participaci\u00f3n de estudiantes del colegio 3055 \u201cT\u00fapac Amaru\u201d de Comas.<\/p>\n<p>La iniciativa se enmarca en la Pol\u00edtica 6 de <strong>#LaEducaci\u00f3nQueMerecemos<\/strong>, orientada a garantizar m\u00e1s alternativas de formaci\u00f3n y empleo digno para los j\u00f3venes. Asimismo, refleja el esfuerzo conjunto con los CETPRO para asegurar la continuidad de aprendizajes y mejorar la empleabilidad<span>.<\/span><\/p>\n<p>[\/et_pb_text][\/et_pb_column][\/et_pb_row][\/et_pb_section]<\/p>\n","protected":false},"excerpt":{"rendered":"<p>ESTUDIANTES A CARREAS T\u00c9CNICAS En la sede de la UGEL 03, representantes de Direcci\u00f3n Regional de Educaci\u00f3n de Lima Metropolitana (DRELM), las siete UGEL, directivos de los CETPRO y de [&hellip;]<\/p>\n","protected":false},"author":1,"featured_media":260431,"comment_status":"open","ping_status":"open","sticky":false,"template":"","format":"standard","meta":{"_et_pb_use_builder":"on","_et_pb_old_content":"","_et_gb_content_width":"1080","footnotes":""},"categories":[10],"tags":[],"class_list":["post-260430","post","type-post","status-publish","format-standard","has-post-thumbnail","hentry","category-noticias"],"_links":{"self":[{"href":"https:\/\/ugel04.gob.pe\/home\/wp-json\/wp\/v2\/posts\/260430","targetHints":{"allow":["GET"]}}],"collection":[{"href":"https:\/\/ugel04.gob.pe\/home\/wp-json\/wp\/v2\/posts"}],"about":[{"href":"https:\/\/ugel04.gob.pe\/home\/wp-json\/wp\/v2\/types\/post"}],"author":[{"embeddable":true,"href":"https:\/\/ugel04.gob.pe\/home\/wp-json\/wp\/v2\/users\/1"}],"replies":[{"embeddable":true,"href":"https:\/\/ugel04.gob.pe\/home\/wp-json\/wp\/v2\/comments?post=260430"}],"version-history":[{"count":2,"href":"https:\/\/ugel04.gob.pe\/home\/wp-json\/wp\/v2\/posts\/260430\/revisions"}],"predecessor-version":[{"id":260433,"href":"https:\/\/ugel04.gob.pe\/home\/wp-json\/wp\/v2\/posts\/260430\/revisions\/260433"}],"wp:featuredmedia":[{"embeddable":true,"href":"https:\/\/ugel04.gob.pe\/home\/wp-json\/wp\/v2\/media\/260431"}],"wp:attachment":[{"href":"https:\/\/ugel04.gob.pe\/home\/wp-json\/wp\/v2\/media?parent=260430"}],"wp:term":[{"taxonomy":"category","embeddable":true,"href":"https:\/\/ugel04.gob.pe\/home\/wp-json\/wp\/v2\/categories?post=260430"},{"taxonomy":"post_tag","embeddable":true,"href":"https:\/\/ugel04.gob.pe\/home\/wp-json\/wp\/v2\/tags?post=260430"}],"curies":[{"name":"wp","href":"https:\/\/api.w.org\/{rel}","templated":true}]}}