{"id":260400,"date":"2025-09-30T11:01:11","date_gmt":"2025-09-30T16:01:11","guid":{"rendered":"https:\/\/ugel04.gob.pe\/home\/?p=260400"},"modified":"2025-09-30T11:01:19","modified_gmt":"2025-09-30T16:01:19","slug":"ie-kumamoto-i-gestion-articulada-de-comunidad-educativa-permite-adquisicion-de-materiales-para-mejorar-aprendizajes","status":"publish","type":"post","link":"https:\/\/ugel04.gob.pe\/home\/ie-kumamoto-i-gestion-articulada-de-comunidad-educativa-permite-adquisicion-de-materiales-para-mejorar-aprendizajes\/","title":{"rendered":"IE. KUMAMOTO I: GESTI\u00d3N ARTICULADA DE COMUNIDAD EDUCATIVA PERMITE ADQUISICI\u00d3N DE MATERIALES PARA MEJORAR APRENDIZAJES"},"content":{"rendered":"<p>[et_pb_section fb_built=\u00bb1&#8243; theme_builder_area=\u00bbpost_content\u00bb _builder_version=\u00bb4.27.4&#8243; _module_preset=\u00bbdefault\u00bb da_is_popup=\u00bboff\u00bb da_exit_intent=\u00bboff\u00bb da_has_close=\u00bbon\u00bb da_alt_close=\u00bboff\u00bb da_dark_close=\u00bboff\u00bb da_not_modal=\u00bbon\u00bb da_is_singular=\u00bboff\u00bb da_with_loader=\u00bboff\u00bb da_has_shadow=\u00bbon\u00bb da_disable_devices=\u00bboff|off|off\u00bb][et_pb_row _builder_version=\u00bb4.27.4&#8243; _module_preset=\u00bbdefault\u00bb theme_builder_area=\u00bbpost_content\u00bb][et_pb_column _builder_version=\u00bb4.27.4&#8243; _module_preset=\u00bbdefault\u00bb type=\u00bb4_4&#8243; theme_builder_area=\u00bbpost_content\u00bb][et_pb_text _builder_version=\u00bb4.27.4&#8243; _module_preset=\u00bbdefault\u00bb theme_builder_area=\u00bbpost_content\u00bb hover_enabled=\u00bb0&#8243; sticky_enabled=\u00bb0&#8243;]<\/p>\n<p>La iniciativa y el compromiso de la comunidad educativa organizada perteneciente a la IE Kumamoto I de Puente Piedra, bajo el liderazgo de su directora, permiti\u00f3 la adquisici\u00f3n de diversos materiales pedag\u00f3gicos que coadyuvar\u00e1n a la mejora de los aprendizajes de m\u00e1s de 1700 estudiantes del plantel, garantizando de esta manera una mejora significativa de la educaci\u00f3n en este sector perteneciente a la UGEL 04.<\/p>\n<p>Gracias a una gesti\u00f3n articulada, se logr\u00f3 la adquisici\u00f3n de siete computadoras para los talleres de contabilidad y cosmetolog\u00eda; as\u00ed como, seis CPU adicionales para reforzar las estrategias de innovaci\u00f3n pedag\u00f3gica con estrategia LEA y Khan Academy en primaria y secundaria. Estas acciones fueron posibles por recursos propios de la instituci\u00f3n y al apoyo directo de los padres de familia.<\/p>\n<p>Asimismo, los padres de familia gestionaron la compra de m\u00e1quinas de coser rectas para fortalecer el taller de confecci\u00f3n; en tanto, el personal administrativo de la I.E. contribuy\u00f3 con el mantenimiento de espacios, el resguardo de materiales de educaci\u00f3n f\u00edsica y la mejora de la infraestructura escolar. Entre estas mejoras se destaca la instalaci\u00f3n de un nuevo port\u00f3n de ingreso para garantizar mayor seguridad a los estudiantes.<\/p>\n<p>En el \u00e1rea de panader\u00eda, se realiz\u00f3 una colecta que permiti\u00f3 adquirir mesas de acero inoxidable, dar mantenimiento al horno y comprar bandejas, asegurando mejores condiciones para el aprendizaje pr\u00e1ctico.<\/p>\n<p>Todos los materiales y mejoras fueron expuestos a los estudiantes durante la formaci\u00f3n escolar del medio d\u00eda, en una ceremonia que cont\u00f3 con la presencia de un sacerdote cat\u00f3lico, quien se encarg\u00f3 de bendecirlas y encomendar su protecci\u00f3n divina, ante el asombro y la expresi\u00f3n emocionada de la comunidad educativa presente.<\/p>\n<p>Estas acciones reflejan c\u00f3mo la suma de esfuerzos entre directivos, docentes, familias y comunidad hacen posible transformar la escuela y fortalecer la calidad educativa.<\/p>\n<p>Por tal motivo, la UGEL 04 saluda y reconoce esta iniciativa de la IE Kumamoto I, que constituye un modelo de gesti\u00f3n participativa y eficiente al servicio de los estudiantes, convirti\u00e9ndose en un ejemplo de liderazgo y gesti\u00f3n al impulsar diversas mejoras en beneficio de miles de estudiantes y familias residentes en Lima Norte.<\/p>\n<p>[\/et_pb_text][\/et_pb_column][\/et_pb_row][\/et_pb_section]<\/p>\n","protected":false},"excerpt":{"rendered":"<p>La iniciativa y el compromiso de la comunidad educativa organizada perteneciente a la IE Kumamoto I de Puente Piedra, bajo el liderazgo de su directora, permiti\u00f3 la adquisici\u00f3n de diversos [&hellip;]<\/p>\n","protected":false},"author":1,"featured_media":260401,"comment_status":"open","ping_status":"open","sticky":false,"template":"","format":"standard","meta":{"_et_pb_use_builder":"on","_et_pb_old_content":"","_et_gb_content_width":"1080","footnotes":""},"categories":[10],"tags":[],"class_list":["post-260400","post","type-post","status-publish","format-standard","has-post-thumbnail","hentry","category-noticias"],"_links":{"self":[{"href":"https:\/\/ugel04.gob.pe\/home\/wp-json\/wp\/v2\/posts\/260400","targetHints":{"allow":["GET"]}}],"collection":[{"href":"https:\/\/ugel04.gob.pe\/home\/wp-json\/wp\/v2\/posts"}],"about":[{"href":"https:\/\/ugel04.gob.pe\/home\/wp-json\/wp\/v2\/types\/post"}],"author":[{"embeddable":true,"href":"https:\/\/ugel04.gob.pe\/home\/wp-json\/wp\/v2\/users\/1"}],"replies":[{"embeddable":true,"href":"https:\/\/ugel04.gob.pe\/home\/wp-json\/wp\/v2\/comments?post=260400"}],"version-history":[{"count":2,"href":"https:\/\/ugel04.gob.pe\/home\/wp-json\/wp\/v2\/posts\/260400\/revisions"}],"predecessor-version":[{"id":260403,"href":"https:\/\/ugel04.gob.pe\/home\/wp-json\/wp\/v2\/posts\/260400\/revisions\/260403"}],"wp:featuredmedia":[{"embeddable":true,"href":"https:\/\/ugel04.gob.pe\/home\/wp-json\/wp\/v2\/media\/260401"}],"wp:attachment":[{"href":"https:\/\/ugel04.gob.pe\/home\/wp-json\/wp\/v2\/media?parent=260400"}],"wp:term":[{"taxonomy":"category","embeddable":true,"href":"https:\/\/ugel04.gob.pe\/home\/wp-json\/wp\/v2\/categories?post=260400"},{"taxonomy":"post_tag","embeddable":true,"href":"https:\/\/ugel04.gob.pe\/home\/wp-json\/wp\/v2\/tags?post=260400"}],"curies":[{"name":"wp","href":"https:\/\/api.w.org\/{rel}","templated":true}]}}