{"id":260378,"date":"2025-09-25T16:25:30","date_gmt":"2025-09-25T21:25:30","guid":{"rendered":"https:\/\/ugel04.gob.pe\/home\/?p=260378"},"modified":"2025-09-26T09:21:28","modified_gmt":"2025-09-26T14:21:28","slug":"docentes-de-colegios-privados-reciben-asistencia-tecnica-para-mejorar-atencion-a-la-diversidad-y-las-practicas-inclusivas","status":"publish","type":"post","link":"https:\/\/ugel04.gob.pe\/home\/docentes-de-colegios-privados-reciben-asistencia-tecnica-para-mejorar-atencion-a-la-diversidad-y-las-practicas-inclusivas\/","title":{"rendered":"DOCENTES DE COLEGIOS PRIVADOS RECIBEN ASISTENCIA T\u00c9CNICA PARA MEJORAR ATENCI\u00d3N A LA DIVERSIDAD Y LAS PR\u00c1CTICAS INCLUSIVAS"},"content":{"rendered":"<p>[et_pb_section fb_built=\u00bb1&#8243; _builder_version=\u00bb4.27.4&#8243; _module_preset=\u00bbdefault\u00bb da_disable_devices=\u00bboff|off|off\u00bb global_colors_info=\u00bb{}\u00bb da_is_popup=\u00bboff\u00bb da_exit_intent=\u00bboff\u00bb da_has_close=\u00bbon\u00bb da_alt_close=\u00bboff\u00bb da_dark_close=\u00bboff\u00bb da_not_modal=\u00bbon\u00bb da_is_singular=\u00bboff\u00bb da_with_loader=\u00bboff\u00bb da_has_shadow=\u00bbon\u00bb][et_pb_row _builder_version=\u00bb4.27.4&#8243; _module_preset=\u00bbdefault\u00bb global_colors_info=\u00bb{}\u00bb][et_pb_column type=\u00bb4_4&#8243; _builder_version=\u00bb4.27.4&#8243; _module_preset=\u00bbdefault\u00bb global_colors_info=\u00bb{}\u00bb][et_pb_text _builder_version=\u00bb4.27.4&#8243; _module_preset=\u00bbdefault\u00bb global_colors_info=\u00bb{}\u00bb]<\/p>\n<p>Con el prop\u00f3sito de promover pr\u00e1cticas inclusivas, generar reflexi\u00f3n pedag\u00f3gica y brindar herramientas que contribuyan a mejorar los procesos educativos e institucionales, la UGEL 04 y el Equipo SAANEE desarrollaron la asistencia t\u00e9cnica \u201cRompiendo barreras en la atenci\u00f3n a la diversidad\u201d, dirigida a directores, representantes de inclusi\u00f3n y comisiones pedag\u00f3gicas de las instituciones educativas privadas adscritas a la jurisdicci\u00f3n.<\/p>\n<p>El espacio formativo, realizado en el auditorio Caynas de la Universidad C\u00e9sar Vallejo, permiti\u00f3 a los participantes conocer diversas estrategias innovadoras para atender la diversidad en el aula y reforzar la gesti\u00f3n institucional con un enfoque inclusivo, dadas a conocer por la especialista en educaci\u00f3n de AGEBRE, junto con el equipo de coordinadoras del SAANEE.<\/p>\n<p>Durante la asistencia, se present\u00f3 la Ruta de la Inclusi\u00f3n Educativa, que abord\u00f3 temas como se\u00f1ales de alerta, sustento del diagn\u00f3stico, evaluaci\u00f3n psicopedag\u00f3gica, informe psicopedag\u00f3gico y la elaboraci\u00f3n del Plan Educativo Personalizado (PEP). A trav\u00e9s de an\u00e1lisis de casos, los participantes reflexionaron sobre estrategias concretas para responder a la diversidad en el aula y garantizar una atenci\u00f3n de calidad a los estudiantes con discapacidad.<\/p>\n<p>Asimismo, se expusieron materiales did\u00e1cticos de apoyo \u2014como libros sensoriales, juegos de encaje, tableros magn\u00e9ticos de laberinto y recursos para el desarrollo motor\u2014 que contribuyen a enriquecer la pr\u00e1ctica pedag\u00f3gica inclusiva.<\/p>\n<p>Finalmente, las docentes del SAANEE absolvieron consultas de los participantes, generando un espacio de di\u00e1logo y acompa\u00f1amiento t\u00e9cnico que refuerza el compromiso de la UGEL 04 con la mejora de los aprendizajes y la construcci\u00f3n de comunidades educativas inclusivas.<\/p>\n<p>[\/et_pb_text][\/et_pb_column][\/et_pb_row][\/et_pb_section]<\/p>\n","protected":false},"excerpt":{"rendered":"<p>Con el prop\u00f3sito de promover pr\u00e1cticas inclusivas, generar reflexi\u00f3n pedag\u00f3gica y brindar herramientas que contribuyan a mejorar los procesos educativos e institucionales, la UGEL 04 y el Equipo SAANEE desarrollaron [&hellip;]<\/p>\n","protected":false},"author":1,"featured_media":260379,"comment_status":"open","ping_status":"open","sticky":false,"template":"","format":"standard","meta":{"_et_pb_use_builder":"on","_et_pb_old_content":"","_et_gb_content_width":"1080","footnotes":""},"categories":[10],"tags":[],"class_list":["post-260378","post","type-post","status-publish","format-standard","has-post-thumbnail","hentry","category-noticias"],"_links":{"self":[{"href":"https:\/\/ugel04.gob.pe\/home\/wp-json\/wp\/v2\/posts\/260378","targetHints":{"allow":["GET"]}}],"collection":[{"href":"https:\/\/ugel04.gob.pe\/home\/wp-json\/wp\/v2\/posts"}],"about":[{"href":"https:\/\/ugel04.gob.pe\/home\/wp-json\/wp\/v2\/types\/post"}],"author":[{"embeddable":true,"href":"https:\/\/ugel04.gob.pe\/home\/wp-json\/wp\/v2\/users\/1"}],"replies":[{"embeddable":true,"href":"https:\/\/ugel04.gob.pe\/home\/wp-json\/wp\/v2\/comments?post=260378"}],"version-history":[{"count":3,"href":"https:\/\/ugel04.gob.pe\/home\/wp-json\/wp\/v2\/posts\/260378\/revisions"}],"predecessor-version":[{"id":260382,"href":"https:\/\/ugel04.gob.pe\/home\/wp-json\/wp\/v2\/posts\/260378\/revisions\/260382"}],"wp:featuredmedia":[{"embeddable":true,"href":"https:\/\/ugel04.gob.pe\/home\/wp-json\/wp\/v2\/media\/260379"}],"wp:attachment":[{"href":"https:\/\/ugel04.gob.pe\/home\/wp-json\/wp\/v2\/media?parent=260378"}],"wp:term":[{"taxonomy":"category","embeddable":true,"href":"https:\/\/ugel04.gob.pe\/home\/wp-json\/wp\/v2\/categories?post=260378"},{"taxonomy":"post_tag","embeddable":true,"href":"https:\/\/ugel04.gob.pe\/home\/wp-json\/wp\/v2\/tags?post=260378"}],"curies":[{"name":"wp","href":"https:\/\/api.w.org\/{rel}","templated":true}]}}